{"id":74071,"date":"2024-11-02T11:00:00","date_gmt":"2024-11-02T17:00:00","guid":{"rendered":"https:\/\/zonaroja.com.mx\/?p=74071"},"modified":"2024-11-02T11:24:23","modified_gmt":"2024-11-02T17:24:23","slug":"asegura-la-cnte-que-la-presidenta-sheinbaum-retomara-demandas-magisteriales","status":"publish","type":"post","link":"https:\/\/zonaroja.com.mx\/?p=74071","title":{"rendered":"Asegura la CNTE que la Presidenta Sheinbaum retomar\u00e1 demandas magisteriales"},"content":{"rendered":"\n<p>Ismael Garc\u00eda M.\/Zona Roja.<\/p>\n\n\n\n<p>Oaxaca de Ju\u00e1rez, Oax., 2 de noviembre de 2024.- Tras reunirse con la Presidenta de M\u00e9xico, la Coordinadora Nacional de Trabajadores de la Educaci\u00f3n (CNTE) reconoci\u00f3 la voluntad de Claudia Sheinbaum para retomar las demandas magisteriales y su compromiso para atender y dar respuestas.<\/p>\n\n\n\n<p>No obstante, en el caso del funcionario de la SEP, Azael Santiago Chepi \u2014al que la Secci\u00f3n 22 Oaxaca repudia\u2014 no hubo pronunciamiento ni exigencia de renuncia; por el contrario, el titular de la Coordinaci\u00f3n Sectorial de Enlace con el Congreso de la Uni\u00f3n, estuvo en la reuni\u00f3n del pasado 30 de octubre en el Palacio Nacional.<\/p>\n\n\n\n<p>Entre otros acuerdos alcanzados con la disidencia del magisterio en el pa\u00eds, se encuentran:<\/p>\n\n\n\n<p>\u201cLa Presidenta de la Rep\u00fablica, reconoce, las justas demandas de la CNTE, por lo que asume el compromiso de continuar con el di\u00e1logo permanente para dar viabilidad a los temas presentados.<\/p>\n\n\n\n<p>\u201cReconoce que a\u00fan no est\u00e1n resueltas las demandas centrales de la CNTE y que los avances en los diferentes rubros han sido m\u00ednimos\u201d.<\/p>\n\n\n\n<p>Se convino en la construcci\u00f3n de una ruta de soluciones en cada uno de los temas presentados, donde tendr\u00e1n intervenci\u00f3n la SEP, el ISSSTE y la Secretaria de Gobernaci\u00f3n (Segob).<\/p>\n\n\n\n<p>Asimismo, el compromiso de que en las mesas con el director general del ISSSTE se avance con respecto a la demanda de la abrogaci\u00f3n de la Ley del ISSSTE de 2007; tambi\u00e9n, de discutir en una mesa la construcci\u00f3n conjunta de una propuesta para eliminar la excepci\u00f3n laboral para el magisterio en el art\u00edculo 3\u00b0.<\/p>\n\n\n\n<p>Adem\u00e1s, se acuerda la construcci\u00f3n de una agenda de mesas tripartitas para dar atenci\u00f3n y soluci\u00f3n, a las demandas pendientes de los contingentes de la CNTE.<\/p>\n\n\n\n<p>El compromiso de establecer una mesa con Gobernaci\u00f3n para la democratizaci\u00f3n del SNTE; plantear el tema de los cesados de Jalisco al nuevo gobernador; la soluci\u00f3n del tema de la Normal del Mexe.<\/p>\n\n\n\n<p>El compromiso de la Presidenta de atender y hacer justicia por el asesinato del Presbitero Marcelo P\u00e9rez P\u00e9rez, de la di\u00f3cesis de San Crist\u00f3bal de las Casas, Chiapas.<\/p>\n\n\n\n<p>Adem\u00e1s, \u201cSe acuerda que no habr\u00e1 ning\u00fan tipo de represi\u00f3n para las y los trabajadores de la educaci\u00f3n, que luchan por la defensa de sus derechos laborales\u201d.<\/p>\n\n\n\n<p>La pr\u00f3xima reuni\u00f3n con la Presidenta Claudia Sheinbaum Pardo, para el 9 de diciembre del presente a\u00f1o, en Palacio Nacional, Ciudad de M\u00e9xico, a las 11:00 horas.<\/p>\n\n\n\n<p>El comunicado fue difundido ayer por la Secci\u00f3n 22 del SNTE y no precisa si finalmente alg\u00fan representante del magisterio oaxaque\u00f1o estuvo presente en la reuni\u00f3n. <\/p>\n","protected":false},"excerpt":{"rendered":"<p>Ismael Garc\u00eda M.\/Zona Roja. Oaxaca de Ju\u00e1rez, Oax., 2 de noviembre de 2024.- Tras reunirse&hellip;<\/p>\n","protected":false},"author":2,"featured_media":74072,"comment_status":"closed","ping_status":"open","sticky":false,"template":"","format":"standard","meta":{"_lmt_disableupdate":"","_lmt_disable":"","_jetpack_memberships_contains_paid_content":false,"footnotes":""},"categories":[109,47],"tags":[312],"class_list":["post-74071","post","type-post","status-publish","format-standard","has-post-thumbnail","hentry","category-minuto-a-minuto","category-zona-gris","tag-seccion-22-del-snte"],"jetpack_featured_media_url":"https:\/\/zonaroja.com.mx\/wp-content\/uploads\/2024\/11\/Comunicado-CNTE-reunion-con-Claudia.jpg","jetpack_sharing_enabled":true,"_links":{"self":[{"href":"https:\/\/zonaroja.com.mx\/index.php?rest_route=\/wp\/v2\/posts\/74071","targetHints":{"allow":["GET"]}}],"collection":[{"href":"https:\/\/zonaroja.com.mx\/index.php?rest_route=\/wp\/v2\/posts"}],"about":[{"href":"https:\/\/zonaroja.com.mx\/index.php?rest_route=\/wp\/v2\/types\/post"}],"author":[{"embeddable":true,"href":"https:\/\/zonaroja.com.mx\/index.php?rest_route=\/wp\/v2\/users\/2"}],"replies":[{"embeddable":true,"href":"https:\/\/zonaroja.com.mx\/index.php?rest_route=%2Fwp%2Fv2%2Fcomments&post=74071"}],"version-history":[{"count":2,"href":"https:\/\/zonaroja.com.mx\/index.php?rest_route=\/wp\/v2\/posts\/74071\/revisions"}],"predecessor-version":[{"id":74083,"href":"https:\/\/zonaroja.com.mx\/index.php?rest_route=\/wp\/v2\/posts\/74071\/revisions\/74083"}],"wp:featuredmedia":[{"embeddable":true,"href":"https:\/\/zonaroja.com.mx\/index.php?rest_route=\/wp\/v2\/media\/74072"}],"wp:attachment":[{"href":"https:\/\/zonaroja.com.mx\/index.php?rest_route=%2Fwp%2Fv2%2Fmedia&parent=74071"}],"wp:term":[{"taxonomy":"category","embeddable":true,"href":"https:\/\/zonaroja.com.mx\/index.php?rest_route=%2Fwp%2Fv2%2Fcategories&post=74071"},{"taxonomy":"post_tag","embeddable":true,"href":"https:\/\/zonaroja.com.mx\/index.php?rest_route=%2Fwp%2Fv2%2Ftags&post=74071"}],"curies":[{"name":"wp","href":"https:\/\/api.w.org\/{rel}","templated":true}]}}