{"id":74079,"date":"2024-11-02T14:31:00","date_gmt":"2024-11-02T20:31:00","guid":{"rendered":"https:\/\/zonaroja.com.mx\/?p=74079"},"modified":"2024-11-02T08:32:49","modified_gmt":"2024-11-02T14:32:49","slug":"respalda-congreso-de-oaxaca-reforma-constitucional-en-materia-de-bienestar","status":"publish","type":"post","link":"https:\/\/zonaroja.com.mx\/?p=74079","title":{"rendered":"Respalda Congreso de Oaxaca reforma constitucional en materia de bienestar"},"content":{"rendered":"\n<p>Redacci\u00f3n\/Zona Roja.<\/p>\n\n\n\n<p>Oaxaca de Ju\u00e1rez, Oax., a&nbsp; 2 de noviembre de 2024.- Por unanimidad, el Congreso de Oaxaca aprob\u00f3, en lo general y en lo particular, la minuta con proyecto de decreto remitida por el Congreso de la Uni\u00f3n por el que se reforman y adicionan los art\u00edculos 4 y 27 de la Constituci\u00f3n Pol\u00edtica de los Estados Unidos Mexicanos, en materia de bienestar.<\/p>\n\n\n\n<p>Al respecto, el presidente de la Junta de Coordinaci\u00f3n Pol\u00edtica (Jucopo), Sergio L\u00f3pez S\u00e1nchez, destac\u00f3 el consenso de todos los grupos parlamentarios de la 65 Legislatura local para respaldar esta modificaci\u00f3n a la Carta Magna, a trav\u00e9s de la cual se eleva a rango constitucional y como un derecho las acciones emprendidas para asegurar el bienestar de todas las personas en el pa\u00eds.<\/p>\n\n\n\n<p>Por su parte, la presidenta de la Comisi\u00f3n Permanente de Estudios Constitucionales, Liz Hern\u00e1ndez Matus, refiri\u00f3 que en \u201cM\u00e9xico a pesar de los avances obtenidos en el \u00faltimo sexenio, se considera necesario garantizar un jornal seguro, justo y permanente a campesinos que cultivan sus tierras, sembrando los \u00e1rboles frutales, maderables, especies que requieren ser procesadas; un apoyo anual directo a los pescadores de peque\u00f1a escala, y a los precios de garant\u00eda para la compra-venta de ma\u00edz, frijol, leche, arroz y trigo\u201d.<\/p>\n\n\n\n<p>Asimismo, que esta reforma \u201ces importante para el pa\u00eds a nivel nacional, pero en Oaxaca es prioritaria por la asistencia social a favor no solo de las personas con discapacidad o mayores de edad, sino tambi\u00e9n de campesinos, pescadores, ind\u00edgenas y pertenecientes a los pueblos afromexicanos, con el fin de propiciar un mejor desarrollo\u201d.<\/p>\n\n\n\n<p>En su intervenci\u00f3n, la presidenta de la Comisi\u00f3n Permanente de Bienestar, Tequio, Inclusi\u00f3n y Fomento Cooperativo, Dennis Garc\u00eda Guti\u00e9rrez, dijo que este cambio constitucional tendr\u00e1 un impacto en la pol\u00edtica social del pa\u00eds y en la vida de las familias mexicanas.<\/p>\n\n\n\n<p>Y al aprobarla \u201ces brindar a nuestra sociedad la posibilidad de una mejor calidad de vida, que va desde incentivar el crecimiento del empleo en el \u00e1mbito rural, impulsar el desarrollo sostenible del pa\u00eds, fomentar la producci\u00f3n del campo, hasta otorgarnos como persona el derecho a una vivienda adecuada\u201d.<\/p>\n\n\n\n<p>Con lo aprobado en este \u00e1mbito, se establece que la Federaci\u00f3n y los estados deber\u00e1n de garantizar la entrega de una pensi\u00f3n no contributiva y permanente a las personas con discapacidad menores de 65 a\u00f1os; y una pensi\u00f3n de adultos mayores a las personas que tienen m\u00e1s de 65 a\u00f1os.<\/p>\n\n\n\n<p>Tambi\u00e9n que, el Estado deber\u00e1 de asegurar la rehabilitaci\u00f3n y habilitaci\u00f3n de las personas que viven con discapacidad permanente, priorizando a los menores de 18 a\u00f1os.<\/p>\n\n\n\n<p>Adem\u00e1s, que mantendr\u00e1 los precios de garant\u00eda para los alimentos como ma\u00edz, frijol, leche, arroz y trigo.<\/p>\n\n\n\n<p>La minuta referida fue aprobada la ma\u00f1ana de este jueves por el Pleno con 38 votos a favor, durante el s\u00e9ptimo periodo extraordinario de sesiones correspondiente al tercer a\u00f1o de ejercicio legal de la 65 Legislatura local, realizado en la modalidad virtual.&nbsp;<\/p>\n","protected":false},"excerpt":{"rendered":"<p>Redacci\u00f3n\/Zona Roja. Oaxaca de Ju\u00e1rez, Oax., a&nbsp; 2 de noviembre de 2024.- Por unanimidad, el&hellip;<\/p>\n","protected":false},"author":2,"featured_media":73447,"comment_status":"closed","ping_status":"open","sticky":false,"template":"","format":"standard","meta":{"_lmt_disableupdate":"","_lmt_disable":"","_jetpack_memberships_contains_paid_content":false,"footnotes":""},"categories":[109,46],"tags":[2743],"class_list":["post-74079","post","type-post","status-publish","format-standard","has-post-thumbnail","hentry","category-minuto-a-minuto","category-zona-blanca","tag-65-legislatura-del-estado-de-oaxaca"],"jetpack_featured_media_url":"https:\/\/zonaroja.com.mx\/wp-content\/uploads\/2024\/10\/Congreso-de-Oaxaca-diputados.jpg","jetpack_sharing_enabled":true,"_links":{"self":[{"href":"https:\/\/zonaroja.com.mx\/index.php?rest_route=\/wp\/v2\/posts\/74079","targetHints":{"allow":["GET"]}}],"collection":[{"href":"https:\/\/zonaroja.com.mx\/index.php?rest_route=\/wp\/v2\/posts"}],"about":[{"href":"https:\/\/zonaroja.com.mx\/index.php?rest_route=\/wp\/v2\/types\/post"}],"author":[{"embeddable":true,"href":"https:\/\/zonaroja.com.mx\/index.php?rest_route=\/wp\/v2\/users\/2"}],"replies":[{"embeddable":true,"href":"https:\/\/zonaroja.com.mx\/index.php?rest_route=%2Fwp%2Fv2%2Fcomments&post=74079"}],"version-history":[{"count":1,"href":"https:\/\/zonaroja.com.mx\/index.php?rest_route=\/wp\/v2\/posts\/74079\/revisions"}],"predecessor-version":[{"id":74080,"href":"https:\/\/zonaroja.com.mx\/index.php?rest_route=\/wp\/v2\/posts\/74079\/revisions\/74080"}],"wp:featuredmedia":[{"embeddable":true,"href":"https:\/\/zonaroja.com.mx\/index.php?rest_route=\/wp\/v2\/media\/73447"}],"wp:attachment":[{"href":"https:\/\/zonaroja.com.mx\/index.php?rest_route=%2Fwp%2Fv2%2Fmedia&parent=74079"}],"wp:term":[{"taxonomy":"category","embeddable":true,"href":"https:\/\/zonaroja.com.mx\/index.php?rest_route=%2Fwp%2Fv2%2Fcategories&post=74079"},{"taxonomy":"post_tag","embeddable":true,"href":"https:\/\/zonaroja.com.mx\/index.php?rest_route=%2Fwp%2Fv2%2Ftags&post=74079"}],"curies":[{"name":"wp","href":"https:\/\/api.w.org\/{rel}","templated":true}]}}