{"id":74081,"date":"2024-11-02T15:32:00","date_gmt":"2024-11-02T21:32:00","guid":{"rendered":"https:\/\/zonaroja.com.mx\/?p=74081"},"modified":"2024-11-02T08:33:43","modified_gmt":"2024-11-02T14:33:43","slug":"en-primer-mes-del-gobierno-de-sheinbaum-fueron-asesinados-31-policias","status":"publish","type":"post","link":"https:\/\/zonaroja.com.mx\/?p=74081","title":{"rendered":"En primer mes del gobierno de Sheinbaum fueron asesinados 31 polic\u00edas"},"content":{"rendered":"\n<p>Redacci\u00f3n\/Zona Roja Cdmx.<\/p>\n\n\n\n<p>Ciudad de M\u00e9xico, a 2 de noviembre de 2024.- Un total de 31 polic\u00edas fueron asesinados durante el primer mes de gobierno de la presidenta de M\u00e9xico, Claudia Sheinbaum, manifest\u00f3 este viernes la organizaci\u00f3n civil Causa en Com\u00fan<\/p>\n\n\n\n<p>La ONG precis\u00f3 que del 25 al 31 de octubre acumul\u00f3 nueve casos, y en lo que va del 2024, contabiliza 257 casos de polic\u00edas asesinados, en promedio uno cada d\u00eda.<\/p>\n\n\n\n<p>Los sucesos de la \u00faltima semana de octubre ocurrieron en los estados de Tabasco (4), Guerrero (2), Sinaloa (2) y Chiapas (1).<\/p>\n\n\n\n<p>La ONG expuso que los estados con mayor n\u00famero de polic\u00edas asesinados en lo que va de 2024 son Guanajuato (46), Estado de M\u00e9xico (22), Chiapas (19), Guerrero (19), Nuevo Le\u00f3n (16), Baja California (12), Jalisco (12), Michoac\u00e1n (12) y Tamaulipas (12).<\/p>\n\n\n\n<p>En 2023, la ONG document\u00f3 el asesinato de al menos 412 polic\u00edas en el pa\u00eds, lo que supone m\u00e1s de uno al d\u00eda.<\/p>\n\n\n\n<p>Adem\u00e1s, del 1 de diciembre de 2018 al 31 de diciembre de 2023, registr\u00f3 2 mil 230 polic\u00edas asesinados en todo M\u00e9xico.<\/p>\n\n\n\n<p>El pasado martes 29, el Sistema Nacional de Seguridad P\u00fablica indic\u00f3 que durante el primer mes del gobierno de la presidenta Sheinbaum, mantuvo la tendencia a la baja en homicidios dolosos del sexenio del expresidente Andr\u00e9s Manuel L\u00f3pez Obrador (2018-2024), con una disminuci\u00f3n del 25.4 por ciento en el promedio de asesinatos diarios respecto a febrero de 2019, el punto m\u00e1s \u00e1lgido en la anterior administraci\u00f3n.<\/p>\n\n\n\n<p>(Informaci\u00f3n de \u201cEl Financiero\u201d)<\/p>\n","protected":false},"excerpt":{"rendered":"<p>Redacci\u00f3n\/Zona Roja Cdmx. Ciudad de M\u00e9xico, a 2 de noviembre de 2024.- Un total de&hellip;<\/p>\n","protected":false},"author":2,"featured_media":74062,"comment_status":"closed","ping_status":"open","sticky":false,"template":"","format":"standard","meta":{"_lmt_disableupdate":"","_lmt_disable":"","_jetpack_memberships_contains_paid_content":false,"footnotes":""},"categories":[109,47],"tags":[1746],"class_list":["post-74081","post","type-post","status-publish","format-standard","has-post-thumbnail","hentry","category-minuto-a-minuto","category-zona-gris","tag-violencia-en-mexico"],"jetpack_featured_media_url":"https:\/\/zonaroja.com.mx\/wp-content\/uploads\/2024\/11\/Escena-del-crimen-1.jpg","jetpack_sharing_enabled":true,"_links":{"self":[{"href":"https:\/\/zonaroja.com.mx\/index.php?rest_route=\/wp\/v2\/posts\/74081","targetHints":{"allow":["GET"]}}],"collection":[{"href":"https:\/\/zonaroja.com.mx\/index.php?rest_route=\/wp\/v2\/posts"}],"about":[{"href":"https:\/\/zonaroja.com.mx\/index.php?rest_route=\/wp\/v2\/types\/post"}],"author":[{"embeddable":true,"href":"https:\/\/zonaroja.com.mx\/index.php?rest_route=\/wp\/v2\/users\/2"}],"replies":[{"embeddable":true,"href":"https:\/\/zonaroja.com.mx\/index.php?rest_route=%2Fwp%2Fv2%2Fcomments&post=74081"}],"version-history":[{"count":1,"href":"https:\/\/zonaroja.com.mx\/index.php?rest_route=\/wp\/v2\/posts\/74081\/revisions"}],"predecessor-version":[{"id":74082,"href":"https:\/\/zonaroja.com.mx\/index.php?rest_route=\/wp\/v2\/posts\/74081\/revisions\/74082"}],"wp:featuredmedia":[{"embeddable":true,"href":"https:\/\/zonaroja.com.mx\/index.php?rest_route=\/wp\/v2\/media\/74062"}],"wp:attachment":[{"href":"https:\/\/zonaroja.com.mx\/index.php?rest_route=%2Fwp%2Fv2%2Fmedia&parent=74081"}],"wp:term":[{"taxonomy":"category","embeddable":true,"href":"https:\/\/zonaroja.com.mx\/index.php?rest_route=%2Fwp%2Fv2%2Fcategories&post=74081"},{"taxonomy":"post_tag","embeddable":true,"href":"https:\/\/zonaroja.com.mx\/index.php?rest_route=%2Fwp%2Fv2%2Ftags&post=74081"}],"curies":[{"name":"wp","href":"https:\/\/api.w.org\/{rel}","templated":true}]}}