{"id":74087,"date":"2024-11-03T08:49:00","date_gmt":"2024-11-03T14:49:00","guid":{"rendered":"https:\/\/zonaroja.com.mx\/?p=74087"},"modified":"2024-11-03T06:50:11","modified_gmt":"2024-11-03T12:50:11","slug":"vinculan-a-proceso-a-edil-de-mazatlan-mixe-y-esposa-van-a-prision","status":"publish","type":"post","link":"https:\/\/zonaroja.com.mx\/?p=74087","title":{"rendered":"Vinculan a proceso a edil de Mazatl\u00e1n Mixe y esposa; van a prisi\u00f3n"},"content":{"rendered":"\n<p>Ismael Garc\u00eda M.\/Zona Roja.<\/p>\n\n\n\n<p>Oaxaca de Ju\u00e1rez, Oax., a 3 de noviembre de 2024.- Tras la detenci\u00f3n por parte de la Fiscal\u00eda General del Estado de Oaxaca, el presidente municipal de San Juan Mazatl\u00e1n Mixe, Pl\u00e1cido M. S., y su esposa, Karla G. P. S., fueron vinculados a proceso y el juez de la causa determin\u00f3 prisi\u00f3n preventiva justificada.<\/p>\n\n\n\n<p>El delito por el que est\u00e1n acusados es suplantaci\u00f3n de identidad para burlar la ley y evadir la denuncia de violaci\u00f3n que interpuso Pijy \u201cN\u201d en contra del edil, quien adem\u00e1s es se\u00f1alado por los pobladores de enriquecimiento il\u00edcito.<\/p>\n\n\n\n<p>Fue el pasado jueves 31 de octubre en que ambas personas fueron aprehendidas y puestas a disprosio de un juez, acusados de uso de documento falso y falsedad en declaraciones judiciales para simular un desistimiento de la v\u00edctima en un caso de violaci\u00f3n equiparada, hechos cometidos en la regi\u00f3n del Istmo de Tehuantepec.<\/p>\n\n\n\n<p>La agresi\u00f3n sexual ocurri\u00f3 en contra de la&nbsp;adolescente Pijy \u201cN\u201d, hechos cometidos en el municipio de Mat\u00edas Romero, el 19 de junio de 2013.<\/p>\n\n\n\n<p>El edil&nbsp;estaba imputado por esta agresi\u00f3n sexual pero en septiembre de 2022, la Fiscal\u00eda General recibi\u00f3 un escrito de supuesto desistimiento de la v\u00edctima, con el cual se retractaba de los hechos previamente denunciados.<\/p>\n\n\n\n<p>Con respecto a la suplantaci\u00f3n de identidad, la Fiscal\u00eda&nbsp;notific\u00f3 en su momento a la v\u00edctima que se hab\u00eda desistido, pero refiri\u00f3 que ella no hab\u00eda enviado dicho documento a la instituci\u00f3n, por lo que, luego de realizar una investigaci\u00f3n sobre el caso, se estableci\u00f3 que hab\u00edan falsificado los documentos y declaraciones de la v\u00edctima para efectuar el desistimiento.<\/p>\n\n\n\n<p>Al reunir las pruebas suficientes, derivadas de la investigaci\u00f3n a cargo de la Vicefiscal\u00eda Regional del Istmo, se obtuvo la orden de aprehensi\u00f3n correspondiente la cual permiti\u00f3 la detenci\u00f3n del presidente municipal y su esposa, por los delitos de uso de documento falso y falsedad en declaraciones judiciales.<\/p>\n","protected":false},"excerpt":{"rendered":"<p>Ismael Garc\u00eda M.\/Zona Roja. Oaxaca de Ju\u00e1rez, Oax., a 3 de noviembre de 2024.- Tras&hellip;<\/p>\n","protected":false},"author":2,"featured_media":74020,"comment_status":"closed","ping_status":"open","sticky":false,"template":"","format":"standard","meta":{"_lmt_disableupdate":"","_lmt_disable":"","_jetpack_memberships_contains_paid_content":false,"footnotes":""},"categories":[109,46],"tags":[3906,933],"class_list":["post-74087","post","type-post","status-publish","format-standard","has-post-thumbnail","hentry","category-minuto-a-minuto","category-zona-blanca","tag-placido-martinez-soler","tag-san-juan-mazatlan-mixe"],"jetpack_featured_media_url":"https:\/\/zonaroja.com.mx\/wp-content\/uploads\/2024\/10\/1715b41d-2c39-44b9-85ce-7f73e0f1f1de-1.jpg","jetpack_sharing_enabled":true,"_links":{"self":[{"href":"https:\/\/zonaroja.com.mx\/index.php?rest_route=\/wp\/v2\/posts\/74087","targetHints":{"allow":["GET"]}}],"collection":[{"href":"https:\/\/zonaroja.com.mx\/index.php?rest_route=\/wp\/v2\/posts"}],"about":[{"href":"https:\/\/zonaroja.com.mx\/index.php?rest_route=\/wp\/v2\/types\/post"}],"author":[{"embeddable":true,"href":"https:\/\/zonaroja.com.mx\/index.php?rest_route=\/wp\/v2\/users\/2"}],"replies":[{"embeddable":true,"href":"https:\/\/zonaroja.com.mx\/index.php?rest_route=%2Fwp%2Fv2%2Fcomments&post=74087"}],"version-history":[{"count":1,"href":"https:\/\/zonaroja.com.mx\/index.php?rest_route=\/wp\/v2\/posts\/74087\/revisions"}],"predecessor-version":[{"id":74088,"href":"https:\/\/zonaroja.com.mx\/index.php?rest_route=\/wp\/v2\/posts\/74087\/revisions\/74088"}],"wp:featuredmedia":[{"embeddable":true,"href":"https:\/\/zonaroja.com.mx\/index.php?rest_route=\/wp\/v2\/media\/74020"}],"wp:attachment":[{"href":"https:\/\/zonaroja.com.mx\/index.php?rest_route=%2Fwp%2Fv2%2Fmedia&parent=74087"}],"wp:term":[{"taxonomy":"category","embeddable":true,"href":"https:\/\/zonaroja.com.mx\/index.php?rest_route=%2Fwp%2Fv2%2Fcategories&post=74087"},{"taxonomy":"post_tag","embeddable":true,"href":"https:\/\/zonaroja.com.mx\/index.php?rest_route=%2Fwp%2Fv2%2Ftags&post=74087"}],"curies":[{"name":"wp","href":"https:\/\/api.w.org\/{rel}","templated":true}]}}