{"id":74089,"date":"2024-11-03T09:26:00","date_gmt":"2024-11-03T15:26:00","guid":{"rendered":"https:\/\/zonaroja.com.mx\/?p=74089"},"modified":"2024-11-03T11:48:38","modified_gmt":"2024-11-03T17:48:38","slug":"y-en-donde-esta-sandra-dominguez-se-cumple-un-mes-de-su-desaparicion","status":"publish","type":"post","link":"https:\/\/zonaroja.com.mx\/?p=74089","title":{"rendered":"\u00bfY en d\u00f3nde est\u00e1 Sandra Dom\u00ednguez? Se cumple un mes de su desaparici\u00f3n\u00a0"},"content":{"rendered":"\n<p>Ismael Garc\u00eda M.\/Zona Roja.<\/p>\n\n\n\n<p>Oaxaca de Ju\u00e1rez, Oax., a 3 de noviembre de 2024.- Este lunes se cumple un mes de la desaparici\u00f3n de la activista Sandra Dom\u00ednguez y su pareja Alexander Hern\u00e1ndez y hasta el momento no hay m\u00e1s detalles de su paradero.<\/p>\n\n\n\n<p>Asimismo, despu\u00e9s de la movilizaci\u00f3n y protesta del pasado 16 de octubre, hasta ahora no ha habido m\u00e1s pronunciamientos por parte de la familia y de organismos de la sociedad civil.<\/p>\n\n\n\n<p>Seg\u00fan ha establecido la Fiscal\u00eda General del Estado de Oaxaca, fue el 4 de octubre en que ambas personas fueron reportadas como no localizados&nbsp; y fueron vistas por \u00faltima vez en la agencia de Mar\u00eda Lombardo de Caso, perteneciente al municipio de San Juan Cotzoc\u00f3n Mixe.<\/p>\n\n\n\n<p>Tras recibir la denuncia de la familia, el 9 de octubre la Fiscal\u00eda General inform\u00f3 en un comunicado que realiza la b\u00fasqueda intensiva de Sandra Estefana Dom\u00ednguez Mart\u00ednez y Alexander Hern\u00e1ndez Hern\u00e1ndez.<\/p>\n\n\n\n<p>El 10 de octubre, la Fiscal\u00eda revel\u00f3 que el veh\u00edculo de la pareja fue localizado en Playa Vicente, localidad del estado de Veracruz, por lo cual se solicit\u00f3 la intervenci\u00f3n de la Fiscal\u00eda General de esa entidad.<\/p>\n\n\n\n<p>El 11 de octubre, familiares de Sandra y organismos civiles, entre ellos Consorcio Oaxaca y \u201cSol Rojo\u201d, demandaron en conferencia de prensa la localizaci\u00f3n con vida de ambos.<\/p>\n\n\n\n<p>Un d\u00eda despu\u00e9s, la instituci\u00f3n que encabeza Bernardo Rodr\u00edguez Alamilla destac\u00f3 que se intensificaron los esfuerzos de los gobiernos estatal y federal para dar con el paradero de Sandra Dom\u00ednguez, quien en al menos dos ocasiones hizo se\u00f1alamientos y denuncias en contra del funcionario estatal Donato Vargas Jim\u00e9nez.<\/p>\n\n\n\n<p>El 14 de octubre, la Fiscal\u00eda inform\u00f3 que \u201cobtuvo resultados de las investigaciones en inteligencia criminal, los cuales son clave en el fortalecimiento de las l\u00edneas de investigaci\u00f3n por la no localizaci\u00f3n\u201d de Sandra y su pareja.<\/p>\n\n\n\n<p>Posteriormente, el secretario General de Gobierno, Jes\u00fas Romero L\u00f3pez, revel\u00f3 probables ligas de Alexander Hern\u00e1ndez con la delincuencia organizada, lo cual podr\u00eda ser la clave de la desaparici\u00f3n de ambas personas.<\/p>\n\n\n\n<p>El 15 de octubre, la instituci\u00f3n de procuraci\u00f3n de justicia emiti\u00f3 un comunicado, para detallar la realizaci\u00f3n de cateos en las regiones Valles Centrales y Cuenca.<\/p>\n\n\n\n<p>El 16 de octubre, familiares de las v\u00edctimas y activistas efectuaron una marcha en el centro de la ciudad de Oaxaca, que culmin\u00f3 con una protesta en el exterior del Palacio de Gobierno; paralelamente organismos nacionales e internacionales se pronunciaron por la localizaci\u00f3n de Sandra Dom\u00ednguez, abogada y defensora de derechos humanos.<\/p>\n\n\n\n<p>El 21 de octubre, el fiscal Bernardo Rodr\u00edguez Alamilla particip\u00f3 en una conferencia de prensa del gobernador Salom\u00f3n Jara Cruz, en que dio m\u00e1s detalles del caso y confirm\u00f3 el hallazgo del tel\u00e9fono celular de Sandra Dom\u00ednguez en Nigromante, Playa Vicente, as\u00ed como la detenci\u00f3n de una persona que portaba el equipo.<\/p>\n\n\n\n<p>Igualmente, \u201cderivado de los an\u00e1lisis de contexto de las v\u00edctimas se encontraron indicios sobre su pareja Alexander Hern\u00e1ndez Hern\u00e1ndez que lo relacionan con la delincuencia organizada, informaci\u00f3n que se est\u00e1 investigando y verificando\u201d.<\/p>\n\n\n\n<p>Despu\u00e9s de ello, no ha habido mayores datos ni m\u00e1s movilizaciones por parte de los familiares de las v\u00edctimas; en el caso de Alexander Dom\u00ednguez, ninguno de sus familiares se ha pronunciado al respecto.<\/p>\n","protected":false},"excerpt":{"rendered":"<p>Ismael Garc\u00eda M.\/Zona Roja. Oaxaca de Ju\u00e1rez, Oax., a 3 de noviembre de 2024.- Este&hellip;<\/p>\n","protected":false},"author":2,"featured_media":73989,"comment_status":"closed","ping_status":"open","sticky":false,"template":"","format":"standard","meta":{"_lmt_disableupdate":"","_lmt_disable":"","_jetpack_memberships_contains_paid_content":false,"footnotes":""},"categories":[109,47],"tags":[4086],"class_list":["post-74089","post","type-post","status-publish","format-standard","has-post-thumbnail","hentry","category-minuto-a-minuto","category-zona-gris","tag-sandra-dominguez"],"jetpack_featured_media_url":"https:\/\/zonaroja.com.mx\/wp-content\/uploads\/2024\/10\/Sandra-Dominguez-1.jpg","jetpack_sharing_enabled":true,"_links":{"self":[{"href":"https:\/\/zonaroja.com.mx\/index.php?rest_route=\/wp\/v2\/posts\/74089","targetHints":{"allow":["GET"]}}],"collection":[{"href":"https:\/\/zonaroja.com.mx\/index.php?rest_route=\/wp\/v2\/posts"}],"about":[{"href":"https:\/\/zonaroja.com.mx\/index.php?rest_route=\/wp\/v2\/types\/post"}],"author":[{"embeddable":true,"href":"https:\/\/zonaroja.com.mx\/index.php?rest_route=\/wp\/v2\/users\/2"}],"replies":[{"embeddable":true,"href":"https:\/\/zonaroja.com.mx\/index.php?rest_route=%2Fwp%2Fv2%2Fcomments&post=74089"}],"version-history":[{"count":2,"href":"https:\/\/zonaroja.com.mx\/index.php?rest_route=\/wp\/v2\/posts\/74089\/revisions"}],"predecessor-version":[{"id":74105,"href":"https:\/\/zonaroja.com.mx\/index.php?rest_route=\/wp\/v2\/posts\/74089\/revisions\/74105"}],"wp:featuredmedia":[{"embeddable":true,"href":"https:\/\/zonaroja.com.mx\/index.php?rest_route=\/wp\/v2\/media\/73989"}],"wp:attachment":[{"href":"https:\/\/zonaroja.com.mx\/index.php?rest_route=%2Fwp%2Fv2%2Fmedia&parent=74089"}],"wp:term":[{"taxonomy":"category","embeddable":true,"href":"https:\/\/zonaroja.com.mx\/index.php?rest_route=%2Fwp%2Fv2%2Fcategories&post=74089"},{"taxonomy":"post_tag","embeddable":true,"href":"https:\/\/zonaroja.com.mx\/index.php?rest_route=%2Fwp%2Fv2%2Ftags&post=74089"}],"curies":[{"name":"wp","href":"https:\/\/api.w.org\/{rel}","templated":true}]}}