{"id":7410,"date":"2020-01-08T06:54:55","date_gmt":"2020-01-08T12:54:55","guid":{"rendered":"http:\/\/www.zonaroja.com.mx\/?p=7410"},"modified":"2020-01-08T07:22:15","modified_gmt":"2020-01-08T13:22:15","slug":"ante-paro-atendidas-demandas-del-nivel-d-educacion-indigena-informa-ieepo","status":"publish","type":"post","link":"https:\/\/zonaroja.com.mx\/?p=7410","title":{"rendered":"Inician paro docentes ind\u00edgenas; atendidas sus demandas, informa IEEPO"},"content":{"rendered":"\n<p>Redacci\u00f3n\/Zona\nRoja.<\/p>\n\n\n\n<p>Oaxaca de Ju\u00e1rez, Oax., 8 de enero de 2020.- Docentes del nivel de Educaci\u00f3n Ind\u00edgena de la Secci\u00f3n 22 del SNTE optaron por no regresar a las aulas este mi\u00e9rcoles y desde las siete de la ma\u00f1ana comenzaron a instalar un \u00abplant\u00f3n\u00bb en el z\u00f3calo capitalino; prev\u00e9n adem\u00e1s cerrar cruceros viales.<\/p>\n\n\n\n<p>Ante ello, el Instituto Estatal de Educaci\u00f3n P\u00fablica de Oaxaca inform\u00f3 que de manera coordinada con la Secretar\u00eda de Educaci\u00f3n P\u00fablica (SEP), se han dado respuestas puntuales a sus peticiones.<\/p>\n\n\n\n<p>Anunci\u00f3\nque ya est\u00e1n autorizadas por el Gobierno Federal 400 becas como parte de la\nEstrategia Nacional de Iniciaci\u00f3n a la Docencia en el Medio Ind\u00edgena, que est\u00e1n\ndestinadas a j\u00f3venes nativos de las comunidades para cubrir en lo inmediato los\nrequerimientos de maestras y maestros en las zonas ind\u00edgenas del estado,\ncuidando la preservaci\u00f3n y rescate de las 16 lenguas originarias de Oaxaca, as\u00ed\ncomo sus 177 variantes dialectales.<\/p>\n\n\n\n<p>Tambi\u00e9n,\nse han contratado de manera coordinada con el magisterio a todos los&nbsp; egresados normalistas del nivel de educaci\u00f3n\nind\u00edgena y adicionalmente, personal docente de manera temporal, para atender\nlas necesidades m\u00e1s apremiantes de las regiones ind\u00edgenas del estado.<\/p>\n\n\n\n<p>Expuso\nque El IEEPO, la SEP y la dirigencia magisterial, atienden las peticiones de\nlos diferentes niveles educativos, a trav\u00e9s de las Mesas Tripartitas, con pleno\nrespeto a la normatividad aplicable y a los derechos de los trabajadores de la\neducaci\u00f3n.<\/p>\n\n\n\n<p>Sobre\nla solicitud central en el Pliego Petitorio del Nivel de Educaci\u00f3n Ind\u00edgena\nrespecto al reconocimiento de la Direcci\u00f3n General de Educaci\u00f3n de los Pueblos\nOriginarios de Oaxaca (DGEPOO):<\/p>\n\n\n\n<p>\u201cEl\nInstituto informa a la ciudadan\u00eda y al magisterio que no est\u00e1 en el \u00e1mbito de\nsu competencia, por lo que cualquier planteamiento, en materia de una posible\nreforma legislativa, deber\u00e1 tratarse ante el Congreso del Estado en el contexto\ndel marco legal federal\u201d.<\/p>\n\n\n\n<p>El\nIEEPO reiter\u00f3 al magisterio oaxaque\u00f1o su firme disposici\u00f3n al di\u00e1logo y exhort\u00f3\na los docentes del nivel de Educaci\u00f3n Ind\u00edgena a continuar su importante labor\neducativa&nbsp; en las aulas, privilegiando el\nderecho a la educaci\u00f3n de las ni\u00f1as, ni\u00f1os y adolescentes.<\/p>\n\n\n\n<p>\u201cYa\nque en el contexto nacional de di\u00e1logo permanente en el nivel de los gobiernos\nestatal y federal, no es congruente negar el derecho a la educaci\u00f3n a ni\u00f1as,\nni\u00f1os y adolescentes ind\u00edgenas en nuestra entidad\u201d.<\/p>\n","protected":false},"excerpt":{"rendered":"<p>Redacci\u00f3n\/Zona Roja. Oaxaca de Ju\u00e1rez, Oax., 8 de enero de 2020.- Docentes del nivel de&hellip;<\/p>\n","protected":false},"author":2,"featured_media":7417,"comment_status":"closed","ping_status":"open","sticky":false,"template":"","format":"standard","meta":{"_lmt_disableupdate":"","_lmt_disable":"","_jetpack_memberships_contains_paid_content":false,"footnotes":""},"categories":[109,46],"tags":[599],"class_list":["post-7410","post","type-post","status-publish","format-standard","has-post-thumbnail","hentry","category-minuto-a-minuto","category-zona-blanca","tag-instituto-estatal-de-educacion-publica-de-oaxaca"],"jetpack_featured_media_url":"https:\/\/zonaroja.com.mx\/wp-content\/uploads\/2020\/01\/64956ba2-824e-4544-b1fa-a97790210a85.jpg","jetpack_sharing_enabled":true,"_links":{"self":[{"href":"https:\/\/zonaroja.com.mx\/index.php?rest_route=\/wp\/v2\/posts\/7410","targetHints":{"allow":["GET"]}}],"collection":[{"href":"https:\/\/zonaroja.com.mx\/index.php?rest_route=\/wp\/v2\/posts"}],"about":[{"href":"https:\/\/zonaroja.com.mx\/index.php?rest_route=\/wp\/v2\/types\/post"}],"author":[{"embeddable":true,"href":"https:\/\/zonaroja.com.mx\/index.php?rest_route=\/wp\/v2\/users\/2"}],"replies":[{"embeddable":true,"href":"https:\/\/zonaroja.com.mx\/index.php?rest_route=%2Fwp%2Fv2%2Fcomments&post=7410"}],"version-history":[{"count":2,"href":"https:\/\/zonaroja.com.mx\/index.php?rest_route=\/wp\/v2\/posts\/7410\/revisions"}],"predecessor-version":[{"id":7418,"href":"https:\/\/zonaroja.com.mx\/index.php?rest_route=\/wp\/v2\/posts\/7410\/revisions\/7418"}],"wp:featuredmedia":[{"embeddable":true,"href":"https:\/\/zonaroja.com.mx\/index.php?rest_route=\/wp\/v2\/media\/7417"}],"wp:attachment":[{"href":"https:\/\/zonaroja.com.mx\/index.php?rest_route=%2Fwp%2Fv2%2Fmedia&parent=7410"}],"wp:term":[{"taxonomy":"category","embeddable":true,"href":"https:\/\/zonaroja.com.mx\/index.php?rest_route=%2Fwp%2Fv2%2Fcategories&post=7410"},{"taxonomy":"post_tag","embeddable":true,"href":"https:\/\/zonaroja.com.mx\/index.php?rest_route=%2Fwp%2Fv2%2Ftags&post=7410"}],"curies":[{"name":"wp","href":"https:\/\/api.w.org\/{rel}","templated":true}]}}