{"id":74121,"date":"2024-11-04T07:40:06","date_gmt":"2024-11-04T13:40:06","guid":{"rendered":"https:\/\/zonaroja.com.mx\/?p=74121"},"modified":"2024-11-04T07:40:08","modified_gmt":"2024-11-04T13:40:08","slug":"fatal-accidente-deja-2-muertos-y-11-heridos-en-la-region-sierra-de-flores-magon","status":"publish","type":"post","link":"https:\/\/zonaroja.com.mx\/?p=74121","title":{"rendered":"Fatal accidente deja 2 muertos y 11 heridos en la regi\u00f3n Sierra de Flores Mag\u00f3n"},"content":{"rendered":"\n<p>Raymundo Morales\/Zona Roja.<\/p>\n\n\n\n<p>Oaxaca de Ju\u00e1rez, Oax., a 4 de noviembre de 2024.- Dos personas fallecidas y al menos 11 lesionadas es el saldo de un accidente carretero ocurrido anoche en la regi\u00f3n Sierra de Flores Mag\u00f3n de Oaxaca.<\/p>\n\n\n\n<p>De acuerdo con reportes de la Polic\u00eda Vial Estatal, el percance ocurri\u00f3 en el kil\u00f3metro 10 de la carretera federal 182, tramo Teotitl\u00e1n de Flores Mag\u00f3n-Huautla de Jim\u00e9nez&nbsp;<\/p>\n\n\n\n<p>Poco antes de las 20:00 horas, una camioneta cay\u00f3 a una hondura de aproximadamente 100 metros, a la altura del restaurante \u00abEl Mirador\u201d.<\/p>\n\n\n\n<p>Tras el rescate de los cuerpos, se confirm\u00f3 que fallecieron dos hombres, de 40 y 55 a\u00f1os de edad, respectivamente, y resultaron lesionadas 11 personas: tres mujeres de 41 y 33 a\u00f1os, tres hombres de 35 y 41 a\u00f1os, as\u00ed como cinco menores de edad de 13 y 9 a\u00f1os.<\/p>\n\n\n\n<p>Las v\u00edctimas fatales fueron identificadas como Samuel Mart\u00ednez Calvo y Alejo N\u00fa\u00f1ez Nu\u00f1ez, este \u00faltimo en el nosocomio.<\/p>\n\n\n\n<p>Todos ellos provenientes de la localidad de Xochitonalco, Huautla de Jim\u00e9nez, y quienes se dirig\u00edan a Tehuac\u00e1n, Puebla, lugar en donde radican.<\/p>\n\n\n\n<p>Seg\u00fan la informaci\u00f3n oficial, las y los heridos fueron trasladados al Hospital B\u00e1sico Comunitario de Teotitl\u00e1n de Flores Mag\u00f3n para su atenci\u00f3n m\u00e9dica, destacando que se reportan estables.<\/p>\n\n\n\n<p>La lista de personas lesionadas es la siguiente:<\/p>\n\n\n\n<p>1.- Edgar Eliazar Flores Mart\u00ednez.<\/p>\n\n\n\n<p>2.- Mitzi Areli Mart\u00ednez, de 13 a\u00f1os de edad.<\/p>\n\n\n\n<p>3.- Elvira Mart\u00ednez Calvo.<\/p>\n\n\n\n<p>4.- Osverto Calixto, de 35 a\u00f1os de edad.<\/p>\n\n\n\n<p>5.- Heriberto Calixto Mart\u00ednez, de 9 a\u00f1os de edad.<\/p>\n\n\n\n<p>6.- Farima Mart\u00ednez, de 9 a\u00f1os de edad.<\/p>\n\n\n\n<p>7.- Alejo Nu\u00f1ez Nu\u00f1ez, de 41 a\u00f1os de edad.<\/p>\n\n\n\n<p>8.- Juana Flores, de 41 a\u00f1os de edad.<\/p>\n\n\n\n<p>9.- Alejandro Mart\u00ednez Calvo, de 42 a\u00f1os de edad.<\/p>\n\n\n\n<p>10.- Jes\u00fas Calvo, menor de edad.<\/p>\n","protected":false},"excerpt":{"rendered":"<p>Raymundo Morales\/Zona Roja. Oaxaca de Ju\u00e1rez, Oax., a 4 de noviembre de 2024.- Dos personas&hellip;<\/p>\n","protected":false},"author":2,"featured_media":74122,"comment_status":"closed","ping_status":"open","sticky":false,"template":"","format":"standard","meta":{"_lmt_disableupdate":"","_lmt_disable":"","_jetpack_memberships_contains_paid_content":false,"footnotes":""},"categories":[109,47],"tags":[],"class_list":["post-74121","post","type-post","status-publish","format-standard","has-post-thumbnail","hentry","category-minuto-a-minuto","category-zona-gris"],"jetpack_featured_media_url":"https:\/\/zonaroja.com.mx\/wp-content\/uploads\/2024\/11\/Accidente-vial-region-sierra-de-flores-magon.jpg","jetpack_sharing_enabled":true,"_links":{"self":[{"href":"https:\/\/zonaroja.com.mx\/index.php?rest_route=\/wp\/v2\/posts\/74121","targetHints":{"allow":["GET"]}}],"collection":[{"href":"https:\/\/zonaroja.com.mx\/index.php?rest_route=\/wp\/v2\/posts"}],"about":[{"href":"https:\/\/zonaroja.com.mx\/index.php?rest_route=\/wp\/v2\/types\/post"}],"author":[{"embeddable":true,"href":"https:\/\/zonaroja.com.mx\/index.php?rest_route=\/wp\/v2\/users\/2"}],"replies":[{"embeddable":true,"href":"https:\/\/zonaroja.com.mx\/index.php?rest_route=%2Fwp%2Fv2%2Fcomments&post=74121"}],"version-history":[{"count":1,"href":"https:\/\/zonaroja.com.mx\/index.php?rest_route=\/wp\/v2\/posts\/74121\/revisions"}],"predecessor-version":[{"id":74123,"href":"https:\/\/zonaroja.com.mx\/index.php?rest_route=\/wp\/v2\/posts\/74121\/revisions\/74123"}],"wp:featuredmedia":[{"embeddable":true,"href":"https:\/\/zonaroja.com.mx\/index.php?rest_route=\/wp\/v2\/media\/74122"}],"wp:attachment":[{"href":"https:\/\/zonaroja.com.mx\/index.php?rest_route=%2Fwp%2Fv2%2Fmedia&parent=74121"}],"wp:term":[{"taxonomy":"category","embeddable":true,"href":"https:\/\/zonaroja.com.mx\/index.php?rest_route=%2Fwp%2Fv2%2Fcategories&post=74121"},{"taxonomy":"post_tag","embeddable":true,"href":"https:\/\/zonaroja.com.mx\/index.php?rest_route=%2Fwp%2Fv2%2Ftags&post=74121"}],"curies":[{"name":"wp","href":"https:\/\/api.w.org\/{rel}","templated":true}]}}