{"id":74124,"date":"2024-11-04T08:21:21","date_gmt":"2024-11-04T14:21:21","guid":{"rendered":"https:\/\/zonaroja.com.mx\/?p=74124"},"modified":"2024-11-04T08:21:23","modified_gmt":"2024-11-04T14:21:23","slug":"istmo-violento-dos-asesinados-en-juchitan-y-uno-en-tapantepec","status":"publish","type":"post","link":"https:\/\/zonaroja.com.mx\/?p=74124","title":{"rendered":"Istmo violento: dos asesinados en Juchit\u00e1n y uno en Tapantepec"},"content":{"rendered":"\n<p>Ismael Garc\u00eda M.\/Zona Roja.<\/p>\n\n\n\n<p>Oaxaca de Ju\u00e1rez, Oax., a 4 de noviembre de 2024.- Al menos tres personas fueron asesinadas anoche, con escasos minutos de diferencia, en hechos distintos registrados en la regi\u00f3n del Istmo de Tehuantepec.<\/p>\n\n\n\n<p>En el callej\u00f3n Excelsior de la Quinta Secci\u00f3n de Juchit\u00e1n de Zaragoza, fue ultimado a balazos un individuo, identificado de manera preliminar como Isaac S. S., de 39 a\u00f1os de edad.<\/p>\n\n\n\n<p>Presuntamente el individuo se encontraba en el exterior de su domicilio cuando arribaron sujetos armados a bordo de una motocicleta, que lo acribillaron y tras lo cual huyeron de la zona, sin que hubiera polic\u00edas municipales que los interceptaran.<\/p>\n\n\n\n<p>Familiares de la v\u00edctima llegaron de inmediato y se llevaron el cuerpo a su casa, lo cual complic\u00f3 las labores ministeriales de la Vicefiscal\u00eda Regional del Istmo.<\/p>\n\n\n\n<p>Momentos antes tambi\u00e9n en pleno centro de Juchit\u00e1n de Zaragoza fue ejecutado un joven identificado como Aram S. M., mientras se encontraba en una cancha deportiva.<\/p>\n\n\n\n<p>De nueva cuenta, al menos dos sujetos a bordo de una motocicleta llegaron a la zona, uno de los cuales le dispar\u00f3 de manera directa; pese a que fue cerca del palacio municipal, no hab\u00eda vigilancia en la zona.<\/p>\n\n\n\n<p>Por otra parte, en San Pedro Tapanatepec, municipio de la zona oriente del Istmo, fue acribillado un individuo, al parecer migrante centroamericano.<\/p>\n\n\n\n<p>El hoy occiso, a\u00fan no identificado legalmente, se traslada a bordo de una cuatrimoto cuando fue ultimado, sin que hasta el momento se desconozca qui\u00e9n o qui\u00e9nes fueron los autores del homicidio.<\/p>\n\n\n\n<p>En tanto que la noche del s\u00e1bado, se suscito un asalto violento en Juchit\u00e1n, a la altura del monumento 5 de Septiembre, sin que se reportaran lesionados.<\/p>\n\n\n\n<p>Los delincuentes a bordo de una motocicleta interceptaron a una familia, los amagaron con armas de fuego y les quitaron dinero y equipos celulares.<\/p>\n","protected":false},"excerpt":{"rendered":"<p>Ismael Garc\u00eda M.\/Zona Roja. Oaxaca de Ju\u00e1rez, Oax., a 4 de noviembre de 2024.- Al&hellip;<\/p>\n","protected":false},"author":2,"featured_media":74125,"comment_status":"closed","ping_status":"open","sticky":false,"template":"","format":"standard","meta":{"_lmt_disableupdate":"","_lmt_disable":"","_jetpack_memberships_contains_paid_content":false,"footnotes":""},"categories":[109,51],"tags":[123,206],"class_list":["post-74124","post","type-post","status-publish","format-standard","has-post-thumbnail","hentry","category-minuto-a-minuto","category-zona-roja","tag-juchitan-de-zaragoza","tag-san-pedro-tapanatepec"],"jetpack_featured_media_url":"https:\/\/zonaroja.com.mx\/wp-content\/uploads\/2024\/11\/Ejecutado-en-Juchitan.jpeg","jetpack_sharing_enabled":true,"_links":{"self":[{"href":"https:\/\/zonaroja.com.mx\/index.php?rest_route=\/wp\/v2\/posts\/74124","targetHints":{"allow":["GET"]}}],"collection":[{"href":"https:\/\/zonaroja.com.mx\/index.php?rest_route=\/wp\/v2\/posts"}],"about":[{"href":"https:\/\/zonaroja.com.mx\/index.php?rest_route=\/wp\/v2\/types\/post"}],"author":[{"embeddable":true,"href":"https:\/\/zonaroja.com.mx\/index.php?rest_route=\/wp\/v2\/users\/2"}],"replies":[{"embeddable":true,"href":"https:\/\/zonaroja.com.mx\/index.php?rest_route=%2Fwp%2Fv2%2Fcomments&post=74124"}],"version-history":[{"count":1,"href":"https:\/\/zonaroja.com.mx\/index.php?rest_route=\/wp\/v2\/posts\/74124\/revisions"}],"predecessor-version":[{"id":74126,"href":"https:\/\/zonaroja.com.mx\/index.php?rest_route=\/wp\/v2\/posts\/74124\/revisions\/74126"}],"wp:featuredmedia":[{"embeddable":true,"href":"https:\/\/zonaroja.com.mx\/index.php?rest_route=\/wp\/v2\/media\/74125"}],"wp:attachment":[{"href":"https:\/\/zonaroja.com.mx\/index.php?rest_route=%2Fwp%2Fv2%2Fmedia&parent=74124"}],"wp:term":[{"taxonomy":"category","embeddable":true,"href":"https:\/\/zonaroja.com.mx\/index.php?rest_route=%2Fwp%2Fv2%2Fcategories&post=74124"},{"taxonomy":"post_tag","embeddable":true,"href":"https:\/\/zonaroja.com.mx\/index.php?rest_route=%2Fwp%2Fv2%2Ftags&post=74124"}],"curies":[{"name":"wp","href":"https:\/\/api.w.org\/{rel}","templated":true}]}}