{"id":74127,"date":"2024-11-04T10:21:00","date_gmt":"2024-11-04T16:21:00","guid":{"rendered":"https:\/\/zonaroja.com.mx\/?p=74127"},"modified":"2024-11-04T10:52:02","modified_gmt":"2024-11-04T16:52:02","slug":"opinion-obrador-sheinbaum-y-la-prensa-en-mexico","status":"publish","type":"post","link":"https:\/\/zonaroja.com.mx\/?p=74127","title":{"rendered":"Opini\u00f3n. Obrador, Sheinbaum y la prensa en M\u00e9xico"},"content":{"rendered":"\n<p>Ismael Garc\u00eda M.\/Zona Roja.<\/p>\n\n\n\n<p>Oaxaca, Oax., a 4 de noviembre de 2024.- Evidentemente que, con apenas un mes en el cargo, no se puede tener un pulso o hacer un balance real del gobierno de Claudia Sheinbaum Pardo.<\/p>\n\n\n\n<p>Sin embargo, en ese lapso ha marcado una gran diferencia en el trato con la prensa en M\u00e9xico y eso sin duda es digno de reconocerse.<\/p>\n\n\n\n<p>No obstante, en menos de un mes, ya registra dos asesinatos de periodistas, aunque, por supuesto, no es la responsabilidad directa de su administraci\u00f3n.<\/p>\n\n\n\n<p>Pero en el caso de la prensa, la primera Presidenta del pa\u00eds ha marcado un trato diferenciado al de su antecesor, Andr\u00e9s Manuel L\u00f3pez Obrador \u2014morenistas ambos\u2014, sobre todo en evitar la criminalizaci\u00f3n de las y los comunicadores.<\/p>\n\n\n\n<p>En el sexenio que encabez\u00f3 el tabasque\u00f1o, s\u00f3lo eran se\u00f1alamientos y actos que rebasaban el l\u00edmite legal, como el exponer p\u00fablicamente y en cadena nacional domicilio y bienes de algunos de sus cr\u00edticos.<\/p>\n\n\n\n<p>D\u00eda con d\u00eda, hab\u00eda ataques, fundados o no, hacia la prensa; si hab\u00eda exceso de homicidios y violencia, la culpa la tienen los periodistas; si hab\u00eda corrupci\u00f3n, la culpa la ten\u00edan los periodistas por divulgarla; si se daba voz a opositores, la culpa la ten\u00eda la prensa por magnificar a los \u201cconservadores\u201d.<\/p>\n\n\n\n<p>No es tal. La prensa es y ser\u00e1 cr\u00edtica; debiera ser cr\u00edtica siempre, sin dejar de lado tambi\u00e9n el reconocer las cosas positivas; una prensa para reflejar una realidad social y no para complacer con bufones al gobernante, como suced\u00eda en el sexenio anterior, lleno de aduladores en las conferencias matutinas.<\/p>\n\n\n\n<p>CR\u00cdTICA SITUACI\u00d3N<\/p>\n\n\n\n<p>Porque la situaci\u00f3n de la prensa en M\u00e9xico y en el mundo no es para exponer a\u00fan m\u00e1s a las y los trabajadores de la comunicaci\u00f3n y convertirlos en blancos f\u00e1ciles de ataques de fan\u00e1ticos o del crimen organizado.<\/p>\n\n\n\n<p>Apenas el pasado 2 de noviembre se conmemor\u00f3 el D\u00eda Mundial para Poner Fin a la Impunidad de los Cr\u00edmenes contra Periodistas, fecha que por cierto pas\u00f3 desapercibida en M\u00e9xico, por parte de las autoridades.<\/p>\n\n\n\n<p>En un comunicado, la asociaci\u00f3n internacional Reporteros Sin Fronteras record\u00f3 que una de las principales promesas que Claudia Sheinbaum Pardo hizo a RSF \u201cfue intensificar la lucha contra la impunidad de los cr\u00edmenes cometidos contra periodistas\u201d, en particular mejorando la coordinaci\u00f3n con el ministerio p\u00fablico para garantizar investigaciones eficaces de los asesinatos y desapariciones de miembros de la prensa.<\/p>\n\n\n\n<p>En un infornaci\u00f3n de la agencia EFE, la agrupaci\u00f3n record\u00f3 el crimen de Muricio Cruz Sol\u00eds, el 29 de octubre pasado, quien era director del portal informativo \u2018Minuto x Minuto\u2019, conduc\u00eda el noticiero Enlace Informativo, de la estaci\u00f3n Radiorama, y fue reportero de los diarios ABC y \u201cLa Opini\u00f3n\u201d, ambos de Michoac\u00e1n.<\/p>\n\n\n\n<p>Por otra parte, el 30 de octubre fue ultimada a balazos Patricia Ram\u00edrez, reportera del \u00e1rea de espect\u00e1culos en su local comercial en la ciudad de Colima, Colima.<\/p>\n\n\n\n<p>Este a\u00f1o 2024, suman al menos seis periodistas asesinados, entre ellos Alejandro Mart\u00ednez Noguez, el 4 de agosto, en Guanajuato; Luis Fernando Cosgaya Herrera, el 14 de agosto, en Estado de M\u00e9xico; V\u00edctor Alfonso Culebro Morales, el 28 de junio, en Chiapas, y Roberto Carlos Figueroa Bustos, el 26 de abril, en Morelos, seg\u00fan el registro de ONU-DH.<\/p>\n\n\n\n<p>Mientras tanto, de acuerdo con la organizaci\u00f3n Art\u00edculo 19, desde diciembre de 2018, cuando inici\u00f3 la presidencia de Andr\u00e9s Manuel L\u00f3pez Obrador (2018-2024), han asesinado en el pa\u00eds a 47 comunicadores por su labor, mismo n\u00famero que en el gobierno de Enrique Pe\u00f1a Nieto (2012-2018).<\/p>\n\n\n\n<p>Del a\u00f1o 2000 al 2024, Art\u00edculo 19 describe que se acumulan 168 comunicadores asesinados en M\u00e9xico, de los cuales 12 son mujeres; en el sexenio de Felipe Calder\u00f3n fueron 48 cr\u00edmenes y en el de Vicente Fox sumaron 22.<\/p>\n\n\n\n<p>Los estados con el mayor n\u00famero de homicidios son Veracruz con 31, Guerrero 17, Tamaulipas 15, Oaxaca 15, Chihuahua 16; la Ciudad de M\u00e9xico registra s\u00f3lo dos casos.<\/p>\n\n\n\n<p>EN EL MUNDO<\/p>\n\n\n\n<p>De acuerdo tambi\u00e9n con la agencia informativa EFE, en Estados Unidos, la libertad de prensa y de expresi\u00f3n en general est\u00e1 consagrada en la primera enmienda de la Constituci\u00f3n, y la prensa ha cumplido hist\u00f3ricamente un papel de fiscalizaci\u00f3n y contrapeso -el llamado Cuarto Poder- que ha costado la carrera a m\u00e1s de un pol\u00edtico y hasta a presidentes como Richard Nixon.<\/p>\n\n\n\n<p>Tanto el Comit\u00e9 para la Protecci\u00f3n de Periodistas (CPJ, siglas en ingl\u00e9s), como la secci\u00f3n estadounidense de Reporteros Sin Fronteras (RSF) coinciden en la importancia de puede tener para el futuro inmediato de la prensa la l\u00ednea pol\u00edtica del pr\u00f3ximo gobierno estadounidense, y coinciden en que las perspectivas son m\u00e1s preocupantes en el caso de una victoria de Trump.<\/p>\n\n\n\n<p>RSF recuerda que Trump ha atacado a la prensa verbalmente m\u00e1s de 100 veces en los pasados dos meses -m\u00e1s de dos veces por d\u00eda-, y ha amenazado con utilizar las armas a su disposici\u00f3n una vez llegado al gobierno para castigar a los medios cr\u00edticos.<\/p>\n\n\n\n<p>Mientras tanto, el 85 por ciento de los asesinatos de profesionales de la prensa quedan impunes y apenas ha habido mejoras en ese aspecto en los \u00faltimos seis a\u00f1os, denunci\u00f3 la&nbsp;Organizaci\u00f3n de las Naciones Unidas para la Educaci\u00f3n, la Ciencia y la Cultura (Unesco)&nbsp;en un informe publicado con motivo D\u00eda Internacional para Poner Fin a la Impunidad de los Cr\u00edmenes contra Periodistas.<\/p>\n\n\n\n<p>\u00abEn 2022 y 2023, cada cuatro d\u00edas un periodista fue asesinado simplemente por desempe\u00f1ar su trabajo vital para buscar la verdad. En la gran mayor\u00eda de estos casos, nadie tendr\u00e1 que rendir cuentas\u00bb, lament\u00f3 la directora general de la Unesco, Audrey Azoulay, en un comunicado con motivo de la difusi\u00f3n del estudio.<\/p>\n\n\n\n<p>En dos a\u00f1os fueron asesinados en el mundo un total de 162 periodistas (88 en 2022 y 74 en 2023), lo que supone un incremento del 38 por ciento respecto al periodo 2020-2021.<\/p>\n\n\n\n<p>Entre los muertos, 14 eran mujeres, un dato que la Unesco considera \u00abalarmante\u00bb por tratarse de la cifra m\u00e1s alta desde 2017.<\/p>\n\n\n\n<p>La regi\u00f3n m\u00e1s peligrosa para la prensa en el bienio estudiado fue Am\u00e9rica Latina y el Caribe, especialmente por los 43 asesinatos de 2022, pero al analizar los datos de 2023 los peores indicadores se registraron en el \u00e1rea de los Estados \u00e1rabes, con 29 muertes frente a las 18 de la regi\u00f3n latinoamericana.<\/p>\n\n\n\n<p>PRENSA MERCENARIA<\/p>\n\n\n\n<p>As\u00ed que, como se dice coloquialmente, el horno no est\u00e1 para bollos. Tambi\u00e9n, se debe reconocer que las y los periodistas no son personas especiales a las que hay que traer con seguridad y con polic\u00edas todo el tiempo.<\/p>\n\n\n\n<p>No. Son relevantes porque realizan una labor fundamental: informar. Y eso ya de s\u00ed representa un riesgo, cuando se revelan realidades y cuando se tocan intereses de grupos de poder, entre ellos los f\u00e1cticos.<\/p>\n\n\n\n<p>Y, por supuesto, hay que aceptar \u2014y desenmascararlos\u2014 que no faltan en M\u00e9xico y en el mundo los mercenarios de la prensa.<\/p>\n\n\n\n<p>Aquellos que, disfrazados de empresarios e inversionistas, utilizan a medios impresos, digitales, radiof\u00f3nicos y televisivos para presionar con \u201ccr\u00edticas\u201d a fin de lograr convenios publicitarios cuantiosos, pero v\u00eda adquisiciones de bienes o art\u00edculos o para obras p\u00fablicas.<\/p>\n\n\n\n<p>En Estados Unidos est\u00e1 sucediendo justamente ese fen\u00f3meno, en el marco de la elecci\u00f3n presidencia, que es ma\u00f1ana, en que magnates han optado por callar o atacar, para favorecer a un o una candidata.<\/p>\n\n\n\n<p>En M\u00e9xico hay muchos e, insistimos, hay que exhibirlos, pero a los due\u00f1os, a los accionistas de esos grandes consorcios que, literalmente, utilizan a las y los trabajadores de los medios de comunicaci\u00f3n para sus fines personales.<\/p>\n\n\n\n<p>Pero de eso a satanizar a quienes cubren la informaci\u00f3n, a quienes andan en la calle, en las conferencias, en la cobertura de hechos violentos, en marchas, en mitines, o a quienes opinan con fundamentos, pues nada m\u00e1s no est\u00e1 bien.<\/p>\n\n\n\n<p>La soluci\u00f3n no son las \u201cverdades\u201d oficiales y la descalificaci\u00f3n a lo que consideran \u201cfake news\u201d; la soluci\u00f3n est\u00e1 en una respuesta institucional \u00e1gil y precisa, acerca de cualquier situaci\u00f3n cr\u00edtica o inc\u00f3moda.<\/p>\n\n\n\n<p>En realidad, la culpa es de las autoridades que reaccionan tarde y mal cuando tienen una eventualidad que les afecta; a falta de informaci\u00f3n oficial para equilibrar un reporte, lo que se toma muchas veces es la \u00fanica versi\u00f3n que hay.<\/p>\n\n\n\n<p>Ojal\u00e1 que Claudia Sheinbaum siga con esa din\u00e1mica de respetar a las y los trabajadores de los medios de comunicaci\u00f3n. S\u00ed, que se exhiba o se denuncie formalmente a quienes lucran con la prensa.<\/p>\n\n\n\n<p>Pero no se debe culpar a la prensa de todos los males que pasan en M\u00e9xico. Simple y sencillo: respeten su labor; respeten a las y los periodistas.<\/p>\n","protected":false},"excerpt":{"rendered":"<p>Ismael Garc\u00eda M.\/Zona Roja. Oaxaca, Oax., a 4 de noviembre de 2024.- Evidentemente que, con&hellip;<\/p>\n","protected":false},"author":2,"featured_media":67764,"comment_status":"closed","ping_status":"open","sticky":false,"template":"","format":"standard","meta":{"_lmt_disableupdate":"","_lmt_disable":"","_jetpack_memberships_contains_paid_content":false,"footnotes":""},"categories":[456,109,48],"tags":[1353],"class_list":["post-74127","post","type-post","status-publish","format-standard","has-post-thumbnail","hentry","category-columna","category-minuto-a-minuto","category-zona-critica","tag-opinion-zona-critica"],"jetpack_featured_media_url":"https:\/\/zonaroja.com.mx\/wp-content\/uploads\/2024\/04\/Opinion-Zona-Roja-Ismael-Garcia.jpg","jetpack_sharing_enabled":true,"_links":{"self":[{"href":"https:\/\/zonaroja.com.mx\/index.php?rest_route=\/wp\/v2\/posts\/74127","targetHints":{"allow":["GET"]}}],"collection":[{"href":"https:\/\/zonaroja.com.mx\/index.php?rest_route=\/wp\/v2\/posts"}],"about":[{"href":"https:\/\/zonaroja.com.mx\/index.php?rest_route=\/wp\/v2\/types\/post"}],"author":[{"embeddable":true,"href":"https:\/\/zonaroja.com.mx\/index.php?rest_route=\/wp\/v2\/users\/2"}],"replies":[{"embeddable":true,"href":"https:\/\/zonaroja.com.mx\/index.php?rest_route=%2Fwp%2Fv2%2Fcomments&post=74127"}],"version-history":[{"count":2,"href":"https:\/\/zonaroja.com.mx\/index.php?rest_route=\/wp\/v2\/posts\/74127\/revisions"}],"predecessor-version":[{"id":74140,"href":"https:\/\/zonaroja.com.mx\/index.php?rest_route=\/wp\/v2\/posts\/74127\/revisions\/74140"}],"wp:featuredmedia":[{"embeddable":true,"href":"https:\/\/zonaroja.com.mx\/index.php?rest_route=\/wp\/v2\/media\/67764"}],"wp:attachment":[{"href":"https:\/\/zonaroja.com.mx\/index.php?rest_route=%2Fwp%2Fv2%2Fmedia&parent=74127"}],"wp:term":[{"taxonomy":"category","embeddable":true,"href":"https:\/\/zonaroja.com.mx\/index.php?rest_route=%2Fwp%2Fv2%2Fcategories&post=74127"},{"taxonomy":"post_tag","embeddable":true,"href":"https:\/\/zonaroja.com.mx\/index.php?rest_route=%2Fwp%2Fv2%2Ftags&post=74127"}],"curies":[{"name":"wp","href":"https:\/\/api.w.org\/{rel}","templated":true}]}}