{"id":74129,"date":"2024-11-04T09:23:13","date_gmt":"2024-11-04T15:23:13","guid":{"rendered":"https:\/\/zonaroja.com.mx\/?p=74129"},"modified":"2024-11-04T09:44:16","modified_gmt":"2024-11-04T15:44:16","slug":"colectivo-voces-de-la-ausencia-realiza-marcha-en-la-cdmx-contra-violencia","status":"publish","type":"post","link":"https:\/\/zonaroja.com.mx\/?p=74129","title":{"rendered":"Colectivo \u201cVoces de la Ausencia\u201d realiza marcha en la Cdmx contra violencia"},"content":{"rendered":"\n<p>Redacci\u00f3n\/Zona Roja Cdmx.<\/p>\n\n\n\n<p>Ciudad de M\u00e9xico, a 4 de noviembre de 2024.- Familiares y amigos de ni\u00f1as y mujeres v\u00edctimas de desaparici\u00f3n y feminicidio, que integran el colectivo Voces de la Ausencia, realizaron en la Ciudad de M\u00e9xico una marcha pac\u00edfica este 3 de noviembre, denominado D\u00eda de Muertas, en demanda de justicia para \u201caquellas que nos fueron arrebatadas porque no murieron, las asesinaron\u201d.<\/p>\n\n\n\n<p>Por sexto a\u00f1o consecutivo, los manifestantes salieron del Z\u00f3calo rumbo al Antimonumento Voces Abrazando Voces, ubicado en Paseo de la Reforma. Un contingente de ni\u00f1os y ni\u00f1as encabez\u00f3 la protesta, pues gran parte de ellos son hu\u00e9rfanos de madre, y su consigna principal es: \u201cjusticia para mi mam\u00e1, justicia para mi t\u00eda, justicia para mi abuela, justicia para mi hermana, justicia para todas\u201d.<\/p>\n\n\n\n<p>Participaron dos ni\u00f1as sobrevivientes de intento de feminicidio. Una de ellas, Tabata, tiene ocho a\u00f1os. Grit\u00f3 consignas con fuerza y sonri\u00f3 cada vez que ten\u00eda en sus manos el meg\u00e1fono. Padece una ligera dificultad para caminar, consecuencia del ataque en su contra, pese a lo cual no se detuvo hasta llegar al final del recorrido.<\/p>\n\n\n\n<p>Ten\u00eda tres a\u00f1os cuando fue atacada por su padrastro, quien la dej\u00f3 meses en estado grave por traumatismo craneoencef\u00e1lico e infarto cerebral de hemisferio izquierdo. Su abuela, Cony, quien cuida de ella, cont\u00f3 que su pron\u00f3stico era desolador, posible estado vegetativo, pero \u201cafortunadamente no fue as\u00ed, por eso cada a\u00f1o venimos, al principio la tra\u00eda en carriola, porque no pod\u00eda caminar y ahora con su f\u00e9rula camina sola y por eso venimos a apoyar\u201d.<\/p>\n\n\n\n<p>Poco despu\u00e9s de las 13 horas, la vanguardia parti\u00f3 del Z\u00f3calo, donde hicieron un pase de lista de las ni\u00f1as y mujeres a quienes les han arrebatado la vida y colocaron en una parte de la Plaza de la Constituci\u00f3n cruces blancas de madera con los nombres en letras moradas de las hijas, hermanas, madres y amigas que han sido v\u00edctimas de feminicidio. Asimismo, desplegaron lonas impresas con fotograf\u00edas y fichas de b\u00fasqueda de beb\u00e9s, ni\u00f1as y mujeres desaparecidas.<\/p>\n\n\n\n<p>La intenci\u00f3n, dijeron, es \u201chacer que retumbe nuestro grito de justicia por aquellas que ya no pueden hacerlo\u201d. Al llegar al Antimonumento, efectuaron un mitin en el que compartieron testimonios y exigencias de respuesta a sus casos y sentencias a los agresores.<\/p>\n\n\n\n<p>Adem\u00e1s, solicitaron a la presidenta Claudia Sheinbaum Pardo justicia para todas las v\u00edctimas, para que su lucha no quede impune.<\/p>\n\n\n\n<p>Lamentaron que \u201cno llegaron todas, pues faltan cada una de nuestras madres, hijas, hermanas, amigas asesinadas\u201d. Dijeron confiar en la Presidenta \u201ccomo una mujer sorora que enarbole las causas del feminicidio\u201d. Recalcaron que la manifestaci\u00f3n s\u00f3lo tuvo una exigencia: \u201cjusticia, verdad y reparaci\u00f3n\u201d.<\/p>\n\n\n\n<figure class=\"wp-block-image size-full\"><img decoding=\"async\" width=\"800\" height=\"534\" src=\"https:\/\/zonaroja.com.mx\/wp-content\/uploads\/2024\/11\/Marcha-Voces-de-la-Ausencia.jpeg\" alt=\"\" class=\"wp-image-74131\" srcset=\"https:\/\/zonaroja.com.mx\/wp-content\/uploads\/2024\/11\/Marcha-Voces-de-la-Ausencia.jpeg 800w, https:\/\/zonaroja.com.mx\/wp-content\/uploads\/2024\/11\/Marcha-Voces-de-la-Ausencia-300x200.jpeg 300w, https:\/\/zonaroja.com.mx\/wp-content\/uploads\/2024\/11\/Marcha-Voces-de-la-Ausencia-768x513.jpeg 768w, https:\/\/zonaroja.com.mx\/wp-content\/uploads\/2024\/11\/Marcha-Voces-de-la-Ausencia-585x390.jpeg 585w, https:\/\/zonaroja.com.mx\/wp-content\/uploads\/2024\/11\/Marcha-Voces-de-la-Ausencia-263x175.jpeg 263w\" sizes=\"(max-width: 800px) 100vw, 800px\" \/><\/figure>\n\n\n\n<p>(Informaci\u00f3n de \u201cLa Jornada\u201d)<\/p>\n","protected":false},"excerpt":{"rendered":"<p>Redacci\u00f3n\/Zona Roja Cdmx. Ciudad de M\u00e9xico, a 4 de noviembre de 2024.- Familiares y amigos&hellip;<\/p>\n","protected":false},"author":2,"featured_media":74130,"comment_status":"closed","ping_status":"open","sticky":false,"template":"","format":"standard","meta":{"_lmt_disableupdate":"","_lmt_disable":"","_jetpack_memberships_contains_paid_content":false,"footnotes":""},"categories":[109,47],"tags":[1377],"class_list":["post-74129","post","type-post","status-publish","format-standard","has-post-thumbnail","hentry","category-minuto-a-minuto","category-zona-gris","tag-frida-guerrera-villalvazo"],"jetpack_featured_media_url":"https:\/\/zonaroja.com.mx\/wp-content\/uploads\/2024\/11\/Marcha-voces-de-la-ausencia-Frida-Guerrera.jpeg","jetpack_sharing_enabled":true,"_links":{"self":[{"href":"https:\/\/zonaroja.com.mx\/index.php?rest_route=\/wp\/v2\/posts\/74129","targetHints":{"allow":["GET"]}}],"collection":[{"href":"https:\/\/zonaroja.com.mx\/index.php?rest_route=\/wp\/v2\/posts"}],"about":[{"href":"https:\/\/zonaroja.com.mx\/index.php?rest_route=\/wp\/v2\/types\/post"}],"author":[{"embeddable":true,"href":"https:\/\/zonaroja.com.mx\/index.php?rest_route=\/wp\/v2\/users\/2"}],"replies":[{"embeddable":true,"href":"https:\/\/zonaroja.com.mx\/index.php?rest_route=%2Fwp%2Fv2%2Fcomments&post=74129"}],"version-history":[{"count":2,"href":"https:\/\/zonaroja.com.mx\/index.php?rest_route=\/wp\/v2\/posts\/74129\/revisions"}],"predecessor-version":[{"id":74139,"href":"https:\/\/zonaroja.com.mx\/index.php?rest_route=\/wp\/v2\/posts\/74129\/revisions\/74139"}],"wp:featuredmedia":[{"embeddable":true,"href":"https:\/\/zonaroja.com.mx\/index.php?rest_route=\/wp\/v2\/media\/74130"}],"wp:attachment":[{"href":"https:\/\/zonaroja.com.mx\/index.php?rest_route=%2Fwp%2Fv2%2Fmedia&parent=74129"}],"wp:term":[{"taxonomy":"category","embeddable":true,"href":"https:\/\/zonaroja.com.mx\/index.php?rest_route=%2Fwp%2Fv2%2Fcategories&post=74129"},{"taxonomy":"post_tag","embeddable":true,"href":"https:\/\/zonaroja.com.mx\/index.php?rest_route=%2Fwp%2Fv2%2Ftags&post=74129"}],"curies":[{"name":"wp","href":"https:\/\/api.w.org\/{rel}","templated":true}]}}