{"id":7413,"date":"2020-01-07T22:04:00","date_gmt":"2020-01-08T04:04:00","guid":{"rendered":"http:\/\/www.zonaroja.com.mx\/?p=7413"},"modified":"2020-01-07T22:04:39","modified_gmt":"2020-01-08T04:04:39","slug":"decenas-de-muertos-por-estampida-en-funeral-de-soleimani-en-iran","status":"publish","type":"post","link":"https:\/\/zonaroja.com.mx\/?p=7413","title":{"rendered":"Decenas de muertos por estampida en funeral de Soleimani en Ir\u00e1n"},"content":{"rendered":"\n<p>Redacci\u00f3n\/Zona\nRoja Cdmx.<\/p>\n\n\n\n<p>Ciudad\nde M\u00e9xico, 7 de enero de 2020.- Al menos 40 personas murieron y m\u00e1s de 200\nresultaron heridas en la estampida que se produjo este martes durante el\nfuneral del general iran\u00ed Qasem Soleimani en Kerman, ciudad del sureste de Ir\u00e1n\ndonde naci\u00f3 este popular militar, muerto en un ataque estadounidense en Irak.<\/p>\n\n\n\n<p>\u00abDoscientas\ntrece personas est\u00e1n heridas y 40 murieron debido a la gran afluencia de gente\nen el funeral\u00bb, dijo el jefe de los servicios de urgencias iran\u00edes,\nPirhossein Koolivand, a la televisi\u00f3n.<\/p>\n\n\n\n<p>Periodistas\nde la AFP en Kerman pudieron comprobar que las calles de la ciudad estaban\ninundadas de fieles durante esta ceremonia en honor del jefe de la Fuerza Quds,\nunidad de \u00e9lite encargada de las operaciones exteriores de los Guardianes de la\nRevoluci\u00f3n (el ej\u00e9rcito de \u00e9lite iran\u00ed), asesinado el viernes en un ataque\nestadounidense con drones, cerca del aeropuerto de Bagdad.<\/p>\n\n\n\n<p>\u00ab\u00a1No\ncompromiso, no sumisi\u00f3n, revancha!\u00bb, gritaba la multitud mientras trataba\nde atisbar el f\u00e9retro con los restos de Soleimani, en Kerm\u00e1n, sureste de Ir\u00e1n.<\/p>\n\n\n\n<p>El\ncentro de su ciudad natal era una marea de gente, similar a las que se vivieron\nel domingo y lunes en Teher\u00e1n y otras ciudades donde los f\u00e9retros del general y\nde sus compa\u00f1eros de armas muertos con \u00e9l recibieron un ba\u00f1o de masas.<\/p>\n\n\n\n<p>Jefe\nde la Fuerza Quds, unidad de \u00e9lite encargada de las operaciones exteriores de\nlos Guardianes de la Revoluci\u00f3n (el ej\u00e9rcito ideol\u00f3gico iran\u00ed), Soleimani fue\nel arquitecto de la estrategia expansionista de Ir\u00e1n en Oriente Medio.<\/p>\n\n\n\n<p>El\nviernes fue blanco de un ataque con dron estadunidense cerca del aeropuerto de\nBagdad.<\/p>\n","protected":false},"excerpt":{"rendered":"<p>Redacci\u00f3n\/Zona Roja Cdmx. Ciudad de M\u00e9xico, 7 de enero de 2020.- Al menos 40 personas&hellip;<\/p>\n","protected":false},"author":2,"featured_media":7414,"comment_status":"closed","ping_status":"open","sticky":false,"template":"","format":"standard","meta":{"_lmt_disableupdate":"","_lmt_disable":"","_jetpack_memberships_contains_paid_content":false,"footnotes":""},"categories":[109,47],"tags":[1234,1235],"class_list":["post-7413","post","type-post","status-publish","format-standard","has-post-thumbnail","hentry","category-minuto-a-minuto","category-zona-gris","tag-iran","tag-qasem-soleiman"],"jetpack_featured_media_url":"https:\/\/zonaroja.com.mx\/wp-content\/uploads\/2020\/01\/funeral-Soleimani.jpg","jetpack_sharing_enabled":true,"_links":{"self":[{"href":"https:\/\/zonaroja.com.mx\/index.php?rest_route=\/wp\/v2\/posts\/7413","targetHints":{"allow":["GET"]}}],"collection":[{"href":"https:\/\/zonaroja.com.mx\/index.php?rest_route=\/wp\/v2\/posts"}],"about":[{"href":"https:\/\/zonaroja.com.mx\/index.php?rest_route=\/wp\/v2\/types\/post"}],"author":[{"embeddable":true,"href":"https:\/\/zonaroja.com.mx\/index.php?rest_route=\/wp\/v2\/users\/2"}],"replies":[{"embeddable":true,"href":"https:\/\/zonaroja.com.mx\/index.php?rest_route=%2Fwp%2Fv2%2Fcomments&post=7413"}],"version-history":[{"count":1,"href":"https:\/\/zonaroja.com.mx\/index.php?rest_route=\/wp\/v2\/posts\/7413\/revisions"}],"predecessor-version":[{"id":7415,"href":"https:\/\/zonaroja.com.mx\/index.php?rest_route=\/wp\/v2\/posts\/7413\/revisions\/7415"}],"wp:featuredmedia":[{"embeddable":true,"href":"https:\/\/zonaroja.com.mx\/index.php?rest_route=\/wp\/v2\/media\/7414"}],"wp:attachment":[{"href":"https:\/\/zonaroja.com.mx\/index.php?rest_route=%2Fwp%2Fv2%2Fmedia&parent=7413"}],"wp:term":[{"taxonomy":"category","embeddable":true,"href":"https:\/\/zonaroja.com.mx\/index.php?rest_route=%2Fwp%2Fv2%2Fcategories&post=7413"},{"taxonomy":"post_tag","embeddable":true,"href":"https:\/\/zonaroja.com.mx\/index.php?rest_route=%2Fwp%2Fv2%2Ftags&post=7413"}],"curies":[{"name":"wp","href":"https:\/\/api.w.org\/{rel}","templated":true}]}}