{"id":74146,"date":"2024-11-04T18:35:29","date_gmt":"2024-11-05T00:35:29","guid":{"rendered":"https:\/\/zonaroja.com.mx\/?p=74146"},"modified":"2024-11-04T18:35:31","modified_gmt":"2024-11-05T00:35:31","slug":"destaca-la-fiscalia-logros-en-investigaciones-y-esclarecimiento-de-casos","status":"publish","type":"post","link":"https:\/\/zonaroja.com.mx\/?p=74146","title":{"rendered":"Destaca la Fiscal\u00eda logros en investigaciones y esclarecimiento de casos"},"content":{"rendered":"\n<p>Redacci\u00f3n\/Zona Roja.<\/p>\n\n\n\n<p>Oaxaca de Ju\u00e1rez, Oax., a 4 de noviembre de 2024.- Al participar en la conferencia de prensa matutina del Gobierno del Estado de Oaxaca, el fiscal General, Bernardo Rodr\u00edguez Alamilla, inform\u00f3 sobre los casos de \u00e9xito, metodolog\u00edas y aplicaci\u00f3n de protocolos ministeriales, as\u00ed como los avances en las investigaciones de diversos casos.<\/p>\n\n\n\n<p>Ello como resultado de los trabajos de investigaci\u00f3n e inteligencia criminal que implementa la Fiscal\u00eda General del Estado de Oaxaca (FGEO) para fortalecer las acciones de procuraci\u00f3n de justicia en toda la entidad.<\/p>\n\n\n\n<p>Al abordar el caso de desaparici\u00f3n de una persona del sexo femenino identificada como J. V. T. S., quien fue reportada como no localizada, y vista por \u00faltima vez el 22 de octubre de 2024, por lo que la FGEO activ\u00f3 los protocolos de b\u00fasqueda correspondientes.<\/p>\n\n\n\n<p>El fiscal de Oaxaca expuso que, derivado de los trabajos de b\u00fasqueda e investigaci\u00f3n criminal con perspectiva de g\u00e9nero que realiza la FGEO a trav\u00e9s de las \u00e1reas especializadas, se logr\u00f3 la detenci\u00f3n de una persona del sexo masculino identificada como V. A. C., adem\u00e1s de que fue localizada sin vida la persona del sexo femenino identificada como J. V. T. S., en un domicilio ubicado en el municipio de Santa Cruz Xoxocotl\u00e1n, en donde se llevaron a cabo los trabajos ministeriales y periciales correspondientes.<\/p>\n\n\n\n<p>El segundo caso, es el cumplimiento de una orden de aprehensi\u00f3n en contra una persona del sexo masculino identificada por las iniciales P. M. S. (presidente municipal de San Juan Mazatl\u00e1n Mixe) y de su esposa identificada como K. G. P. S., por los delitos de uso de documento falso y falsedad en declaraciones judiciales para simular un desistimiento de la v\u00edctima en un caso de violaci\u00f3n equiparada, hechos cometidos el 19 de junio de 2013, en la regi\u00f3n del Istmo de Tehuantepec.<\/p>\n\n\n\n<p>Rodr\u00edguez Alamilla detall\u00f3 que, en septiembre de 2022, la FGEO recibi\u00f3 un escrito de desistimiento de la v\u00edctima, con el cual se retractaba de los hechos previamente denunciados, por lo que posteriormente se notific\u00f3 a la v\u00edctima, quien refiri\u00f3 que ella no hab\u00eda enviado dicho documento a la Fiscal\u00eda.<\/p>\n\n\n\n<p>Ante estos hechos, la FGEO realiz\u00f3 una investigaci\u00f3n sobre el caso, la cual permiti\u00f3 establecer que P. M. S. y K. G. P. S., hab\u00edan falsificado los documentos y declaraciones de la v\u00edctima para efectuar el desistimiento ap\u00f3crifo.<\/p>\n\n\n\n<p>Asimismo, el Fiscal de Oaxaca Bernardo Rodr\u00edguez Alamilla inform\u00f3 sobre la detenci\u00f3n de una persona identificada como J. de la R.R., considerada un objetivo prioritario en la regi\u00f3n del Istmo de Tehuantepec, por el delito de homicidio calificado, quien habr\u00eda escapado al estado de Jalisco.<\/p>\n\n\n\n<p>Por lo que, a trav\u00e9s de labores de inteligencia se logr\u00f3 establecer su ubicaci\u00f3n y gracias a la intervenci\u00f3n y colaboraci\u00f3n ministerial de la Fiscal\u00eda del Estado de Jalisco realiz\u00f3 su detenci\u00f3n el 31 de octubre de 2024, para trasladarlo a Oaxaca con el objetivo de responder ante la justicia por los hechos antes mencionados.<\/p>\n\n\n\n<p>Las labores de inteligencia que realiza la Fiscal\u00eda de Oaxaca permiten tener mayor certeza en las investigaciones ministeriales por diversos delitos, con lo que se fortalece la estrategia estatal de seguridad p\u00fablica y procuraci\u00f3n de justicia a favor de la ciudadan\u00eda en las diferentes regiones de la entidad.<\/p>\n","protected":false},"excerpt":{"rendered":"<p>Redacci\u00f3n\/Zona Roja. Oaxaca de Ju\u00e1rez, Oax., a 4 de noviembre de 2024.- Al participar en&hellip;<\/p>\n","protected":false},"author":2,"featured_media":74148,"comment_status":"closed","ping_status":"open","sticky":false,"template":"","format":"standard","meta":{"_lmt_disableupdate":"","_lmt_disable":"","_jetpack_memberships_contains_paid_content":false,"footnotes":""},"categories":[109,46],"tags":[494],"class_list":["post-74146","post","type-post","status-publish","format-standard","has-post-thumbnail","hentry","category-minuto-a-minuto","category-zona-blanca","tag-fiscalia-general-del-estado-de-oaxaca"],"jetpack_featured_media_url":"https:\/\/zonaroja.com.mx\/wp-content\/uploads\/2024\/11\/Fiscal-BErnardo-Rodriguez-Alamilla.jpg","jetpack_sharing_enabled":true,"_links":{"self":[{"href":"https:\/\/zonaroja.com.mx\/index.php?rest_route=\/wp\/v2\/posts\/74146","targetHints":{"allow":["GET"]}}],"collection":[{"href":"https:\/\/zonaroja.com.mx\/index.php?rest_route=\/wp\/v2\/posts"}],"about":[{"href":"https:\/\/zonaroja.com.mx\/index.php?rest_route=\/wp\/v2\/types\/post"}],"author":[{"embeddable":true,"href":"https:\/\/zonaroja.com.mx\/index.php?rest_route=\/wp\/v2\/users\/2"}],"replies":[{"embeddable":true,"href":"https:\/\/zonaroja.com.mx\/index.php?rest_route=%2Fwp%2Fv2%2Fcomments&post=74146"}],"version-history":[{"count":1,"href":"https:\/\/zonaroja.com.mx\/index.php?rest_route=\/wp\/v2\/posts\/74146\/revisions"}],"predecessor-version":[{"id":74149,"href":"https:\/\/zonaroja.com.mx\/index.php?rest_route=\/wp\/v2\/posts\/74146\/revisions\/74149"}],"wp:featuredmedia":[{"embeddable":true,"href":"https:\/\/zonaroja.com.mx\/index.php?rest_route=\/wp\/v2\/media\/74148"}],"wp:attachment":[{"href":"https:\/\/zonaroja.com.mx\/index.php?rest_route=%2Fwp%2Fv2%2Fmedia&parent=74146"}],"wp:term":[{"taxonomy":"category","embeddable":true,"href":"https:\/\/zonaroja.com.mx\/index.php?rest_route=%2Fwp%2Fv2%2Fcategories&post=74146"},{"taxonomy":"post_tag","embeddable":true,"href":"https:\/\/zonaroja.com.mx\/index.php?rest_route=%2Fwp%2Fv2%2Ftags&post=74146"}],"curies":[{"name":"wp","href":"https:\/\/api.w.org\/{rel}","templated":true}]}}