{"id":74150,"date":"2024-11-04T19:12:40","date_gmt":"2024-11-05T01:12:40","guid":{"rendered":"https:\/\/zonaroja.com.mx\/?p=74150"},"modified":"2024-11-04T19:12:42","modified_gmt":"2024-11-05T01:12:42","slug":"desquician-multiples-protestas-la-capital-de-oaxaca-y-el-istmo","status":"publish","type":"post","link":"https:\/\/zonaroja.com.mx\/?p=74150","title":{"rendered":"Desquician m\u00faltiples protestas la capital de Oaxaca y el Istmo"},"content":{"rendered":"\n<p>Raymundo Morales\/Zona Roja.<\/p>\n\n\n\n<p>Oaxaca de Ju\u00e1rez, Oax., a 4 de noviembre de 2024.- Al menos media docena de protestas y bloqueos carreteros se registraron este d\u00eda en Oaxaca, principalmente en las regiones Valles Centrales e Istmo de Tehuantepec.<\/p>\n\n\n\n<p>A temprana hora inici\u00f3 una movilizaci\u00f3n de quienes se dicen integrantes de la asociaci\u00f3n Mujeres Ind\u00edgenas y Afros Unidas por el Bien de la Costa Oaxaque\u00f1a, encabezadas Alicia Santos Flores, quienes demandaron al gobierno estatal la construcci\u00f3n de 75 techados de viviendas..<\/p>\n\n\n\n<p>Tras ello de inmediato arribaron integrantes del Sindicato Independiente de Trabajadores y Profesionales de la Salud, que demandaron una mesa de di\u00e1logo con los Servicios de Salud de Oaxaca y el IMSS-Bienestar, ante la inconformidad por el traspaso a este \u00faltimo organismo.<\/p>\n\n\n\n<p>Marcharon de la calzada Madero hacia el centro de la ciudad de Oaxaca; previo a ello por unos minutos bloquearon la calle de J. P. Garc\u00eda<\/p>\n\n\n\n<p>Enseguida arribaron afiliados al Frente Popular Revolucionario (FPR), junto con autoridades de la Mixteca, para exigir al gobierno de Oaxaca el cumplimiento a diversas obras y acciones ya comprometidas.<\/p>\n\n\n\n<p>Mientras tanto, en el tramo carretero entre Santo Domingo Tehuantepec y Juchit\u00e1n de Zaragoza, un grupo de pobladores bloque\u00f3 por varias horas, para exigir apoyos para el campo.<\/p>\n\n\n\n<p>En tanto que en la v\u00eda Trans\u00edstica, a la altura del crucero a Las Malvinas, habitantes de San Juan Mazatl\u00e1n Mixe bloquearon por varias horas la vialidad, para demandar el excarcelamiento de su presidente municipal, Pl\u00e1cido Mart\u00ednez Soler, detenido junto con su esposa por diversos delitos.<\/p>\n\n\n\n<p>Mientras tanto, por unas horas un grupo de trabajadores del Hospital General \u201cDr. Aurelio Valdivieso\u201d cerr\u00f3 el tr\u00e1nsito vehicular en calles aleda\u00f1as a la fuente de las Ocho Regiones.<\/p>\n\n\n\n<p>Desde hace una semana iniciaron sus movilizaciones, en demanda del pago en efectivo de un bono por el d\u00eda del empleado, as\u00ed como equipamiento y materiales de trabajo para el nosocomio con sede en la capital.<\/p>\n","protected":false},"excerpt":{"rendered":"<p>Raymundo Morales\/Zona Roja. Oaxaca de Ju\u00e1rez, Oax., a 4 de noviembre de 2024.- Al menos&hellip;<\/p>\n","protected":false},"author":2,"featured_media":74151,"comment_status":"closed","ping_status":"open","sticky":false,"template":"","format":"standard","meta":{"_lmt_disableupdate":"","_lmt_disable":"","_jetpack_memberships_contains_paid_content":false,"footnotes":""},"categories":[109,47],"tags":[1975],"class_list":["post-74150","post","type-post","status-publish","format-standard","has-post-thumbnail","hentry","category-minuto-a-minuto","category-zona-gris","tag-bloqueos-carreteros-oaxaca"],"jetpack_featured_media_url":"https:\/\/zonaroja.com.mx\/wp-content\/uploads\/2024\/11\/Bloqueos-y-protestas-lunes.jpg","jetpack_sharing_enabled":true,"_links":{"self":[{"href":"https:\/\/zonaroja.com.mx\/index.php?rest_route=\/wp\/v2\/posts\/74150","targetHints":{"allow":["GET"]}}],"collection":[{"href":"https:\/\/zonaroja.com.mx\/index.php?rest_route=\/wp\/v2\/posts"}],"about":[{"href":"https:\/\/zonaroja.com.mx\/index.php?rest_route=\/wp\/v2\/types\/post"}],"author":[{"embeddable":true,"href":"https:\/\/zonaroja.com.mx\/index.php?rest_route=\/wp\/v2\/users\/2"}],"replies":[{"embeddable":true,"href":"https:\/\/zonaroja.com.mx\/index.php?rest_route=%2Fwp%2Fv2%2Fcomments&post=74150"}],"version-history":[{"count":1,"href":"https:\/\/zonaroja.com.mx\/index.php?rest_route=\/wp\/v2\/posts\/74150\/revisions"}],"predecessor-version":[{"id":74152,"href":"https:\/\/zonaroja.com.mx\/index.php?rest_route=\/wp\/v2\/posts\/74150\/revisions\/74152"}],"wp:featuredmedia":[{"embeddable":true,"href":"https:\/\/zonaroja.com.mx\/index.php?rest_route=\/wp\/v2\/media\/74151"}],"wp:attachment":[{"href":"https:\/\/zonaroja.com.mx\/index.php?rest_route=%2Fwp%2Fv2%2Fmedia&parent=74150"}],"wp:term":[{"taxonomy":"category","embeddable":true,"href":"https:\/\/zonaroja.com.mx\/index.php?rest_route=%2Fwp%2Fv2%2Fcategories&post=74150"},{"taxonomy":"post_tag","embeddable":true,"href":"https:\/\/zonaroja.com.mx\/index.php?rest_route=%2Fwp%2Fv2%2Ftags&post=74150"}],"curies":[{"name":"wp","href":"https:\/\/api.w.org\/{rel}","templated":true}]}}