{"id":74153,"date":"2024-11-04T21:21:32","date_gmt":"2024-11-05T03:21:32","guid":{"rendered":"https:\/\/zonaroja.com.mx\/?p=74153"},"modified":"2024-11-04T21:25:22","modified_gmt":"2024-11-05T03:25:22","slug":"presidiria-benjamin-viveros-la-junta-de-coordinacion-politica-en-proxima-legislatura","status":"publish","type":"post","link":"https:\/\/zonaroja.com.mx\/?p=74153","title":{"rendered":"Presidir\u00eda Benjam\u00edn Viveros la Junta de Coordinaci\u00f3n Pol\u00edtica en pr\u00f3xima Legislatura"},"content":{"rendered":"\n<p>Raymundo Morales\/Zona Roja.<\/p>\n\n\n\n<p>Oaxaca de Ju\u00e1rez, Oax., a 4 de noviembre de 2024.- Benjam\u00edn Viveros Montalvo fue electo por unanimidad por sus compa\u00f1eros de Morena como el coordinador de la bancada en la pr\u00f3xima Legislatura del Congreso del Estado de Oaxaca, que se instala el pr\u00f3ximo 13 de noviembre.<\/p>\n\n\n\n<p>Con ello, el a\u00fan dirigente estatal del partido ser\u00eda designado tambi\u00e9n como presidente de la Junta de Coordinaci\u00f3n Pol\u00edtica (Jucopo).<\/p>\n\n\n\n<p>En tanto Sergio L\u00f3pez S\u00e1nchez ocupar\u00eda la presidencia de la Mesa Directiva, tras las reformas a la Ley Org\u00e1nica aprobadas por la 65 Legislatura, la semana pasada, para que un mismo partido pueda presidir ambos \u00f3rganos del Poder Legislativo local.<\/p>\n\n\n\n<p>La designaci\u00f3n de Viveros Montalvo fue atestiguada por el gobernador Salom\u00f3n Jara Cruz, en una reuni\u00f3n en que los legisladores locales electos resaltaron la importancia de consolidar el proyecto de naci\u00f3n impulsado por la presidenta Claudia Sheinbaum Pardo.<\/p>\n\n\n\n<p>El pr\u00f3ximo coordinador de la fracci\u00f3n parlamentaria recalc\u00f3 a su vez la importancia de iniciar los trabajos legislativos para la armonizaci\u00f3n del marco jur\u00eddico oaxaque\u00f1o, de cara a la nueva realidad nacional.&nbsp;<\/p>\n\n\n\n<p>Del mismo modo, agradeci\u00f3 la confianza depositada en su persona para conducir los trabajos de la bancada morenista en la pr\u00f3xima Legislatura, y se comprometi\u00f3 a cumplir con las expectativas y retos de este momento hist\u00f3rico para Oaxaca, y para el pa\u00eds.<\/p>\n\n\n\n<p>En este sentido, los representantes populares electos por Morena reconocieron el liderazgo de Viveros Montalvo, refrendando en \u00e9l su confianza para que sea quien encabece los esfuerzos a favor de la Cuarta Transformaci\u00f3n en Oaxaca en la pr\u00f3xima Legislatura del Congreso local.&nbsp;<\/p>\n\n\n\n<p>En dicha reuni\u00f3n participaron los diputados electos Vanessa Ojeda, Francisco Javier Ni\u00f1o, Isidro Ortega Silva, Analy Vivar, Tania Caballero Navarro, Dulce Bel\u00e9n Uribe, Nicol\u00e1s feria Romero, Mauro Cruz, Raynel Mijangos, Oliver Garc\u00eda L\u00f3pez, Daniela Taurino, Haydee Reyes Soto, C\u00e9sar Mateos Ben\u00edtez.&nbsp;<\/p>\n\n\n\n<p>Adem\u00e1s de los anteriores, tambi\u00e9n participaron de dicha reuni\u00f3n los legisladores morenistas Iv\u00e1n Osael Quiroz; Dennise Garc\u00eda Guti\u00e9rrez, Mar\u00eda Francisca Antonio, Juan Marcelino S\u00e1nchez, Clarissa Bornios Pel\u00e1ez, Isaac L\u00f3pez L\u00f3pez; Kelly Cabrera, Lizzet Arroyo Rodr\u00edguez, Zeferino Jer\u00f3nimo Garc\u00eda, Elisa Zepeda lagunas, Ad\u00e1n Maciel; Concepci\u00f3n Rueda G\u00f3mez, Sergio L\u00f3pez S\u00e1nchez y Tania L\u00f3pez L\u00f3pez.<\/p>\n\n\n\n<p>La 66 Legislatura ser\u00e1 instalada el pr\u00f3ximo 13 de noviembre de conformidad con el art\u00edculo 18 y dem\u00e1s aplicables de la Ley Org\u00e1nica del Poder Legislativo del Estado de Oaxaca.&nbsp;<\/p>\n","protected":false},"excerpt":{"rendered":"<p>Raymundo Morales\/Zona Roja. Oaxaca de Ju\u00e1rez, Oax., a 4 de noviembre de 2024.- Benjam\u00edn Viveros&hellip;<\/p>\n","protected":false},"author":2,"featured_media":74147,"comment_status":"closed","ping_status":"open","sticky":false,"template":"","format":"standard","meta":{"_lmt_disableupdate":"","_lmt_disable":"","_jetpack_memberships_contains_paid_content":false,"footnotes":""},"categories":[109,46],"tags":[3664],"class_list":["post-74153","post","type-post","status-publish","format-standard","has-post-thumbnail","hentry","category-minuto-a-minuto","category-zona-blanca","tag-benjamin-viveros-montalvo"],"jetpack_featured_media_url":"https:\/\/zonaroja.com.mx\/wp-content\/uploads\/2024\/11\/Benjamin-viveros-Montalvo.jpg","jetpack_sharing_enabled":true,"_links":{"self":[{"href":"https:\/\/zonaroja.com.mx\/index.php?rest_route=\/wp\/v2\/posts\/74153","targetHints":{"allow":["GET"]}}],"collection":[{"href":"https:\/\/zonaroja.com.mx\/index.php?rest_route=\/wp\/v2\/posts"}],"about":[{"href":"https:\/\/zonaroja.com.mx\/index.php?rest_route=\/wp\/v2\/types\/post"}],"author":[{"embeddable":true,"href":"https:\/\/zonaroja.com.mx\/index.php?rest_route=\/wp\/v2\/users\/2"}],"replies":[{"embeddable":true,"href":"https:\/\/zonaroja.com.mx\/index.php?rest_route=%2Fwp%2Fv2%2Fcomments&post=74153"}],"version-history":[{"count":2,"href":"https:\/\/zonaroja.com.mx\/index.php?rest_route=\/wp\/v2\/posts\/74153\/revisions"}],"predecessor-version":[{"id":74155,"href":"https:\/\/zonaroja.com.mx\/index.php?rest_route=\/wp\/v2\/posts\/74153\/revisions\/74155"}],"wp:featuredmedia":[{"embeddable":true,"href":"https:\/\/zonaroja.com.mx\/index.php?rest_route=\/wp\/v2\/media\/74147"}],"wp:attachment":[{"href":"https:\/\/zonaroja.com.mx\/index.php?rest_route=%2Fwp%2Fv2%2Fmedia&parent=74153"}],"wp:term":[{"taxonomy":"category","embeddable":true,"href":"https:\/\/zonaroja.com.mx\/index.php?rest_route=%2Fwp%2Fv2%2Fcategories&post=74153"},{"taxonomy":"post_tag","embeddable":true,"href":"https:\/\/zonaroja.com.mx\/index.php?rest_route=%2Fwp%2Fv2%2Ftags&post=74153"}],"curies":[{"name":"wp","href":"https:\/\/api.w.org\/{rel}","templated":true}]}}