{"id":74160,"date":"2024-11-05T08:18:00","date_gmt":"2024-11-05T14:18:00","guid":{"rendered":"https:\/\/zonaroja.com.mx\/?p=74160"},"modified":"2024-11-05T06:32:51","modified_gmt":"2024-11-05T12:32:51","slug":"son-restos-humanos-los-hallados-en-una-maleta-en-juchitan","status":"publish","type":"post","link":"https:\/\/zonaroja.com.mx\/?p=74160","title":{"rendered":"\u00bfSon restos humanos los hallados en una maleta en Juchit\u00e1n"},"content":{"rendered":"\n<p>Raymundo Morales\/Zona Roja.<\/p>\n\n\n\n<p>Oaxaca de Ju\u00e1rez, Oax., a 5 de noviembre de 2024.- Hasta esta ma\u00f1ana, autoridades policiacas y ministeriales no han confirmado o descartado si los restos hallados en una maleta en Juchit\u00e1n de Zaragoza pertenece a un ser humano.<\/p>\n\n\n\n<p>La noticia se dio anoche alrededor de las 19:00 horas cuando se reporto el hallazgo de una valija de la que escurr\u00eda sangre, abandonada en la calle Gui\u00e9 Xhuba del fraccionamiento Infonavit Zapand\u00fa de ese municipio de la regi\u00f3n del Istmo.<\/p>\n\n\n\n<p>De acuerdo con algunas fotograf\u00edas difundidas a trav\u00e9s de las redes sociales, se aprecia la maleta entreabierta y en el interior algunos trozos de carne, aparentemente de una persona.<\/p>\n\n\n\n<p>Tras ello, arribaron corporaciones policiacas para resguardar la escena, mientras que peritos y agentes de investigaci\u00f3n de la Vicefiscal\u00eda Regional del Istmo, dependiente de la Fiscal\u00eda General del Estado de Oaxaca, inici\u00f3 las indagatorias correspondientes, cuyos resultados a\u00fan no han sido revelados.<\/p>\n\n\n\n<p>Apenas el pasado domingo por la noche, dos personas fueron asesinadas a balazos en hechos distintos, uno de ellos a un lado de una cancha deportiva en el centro de a ciudad de Juchit\u00e1n.<\/p>\n\n\n\n<p>Otro individuo fue ejecutado el d\u00eda 31 de octubre y uno m\u00e1s el d\u00eda 27 de octubre; en todos los casos recientes no hay personas detenidas.<\/p>\n\n\n\n<p>Pese a los graves hechos de criminalidad, la autoridad municipal que encabeza el morenista Miguel S\u00e1nchez Altamirano no ha reforzado la seguridad ni ha pedido m\u00e1s apoyo a las autoridades estatales y federales.<\/p>\n","protected":false},"excerpt":{"rendered":"<p>Raymundo Morales\/Zona Roja. Oaxaca de Ju\u00e1rez, Oax., a 5 de noviembre de 2024.- Hasta esta&hellip;<\/p>\n","protected":false},"author":2,"featured_media":74161,"comment_status":"closed","ping_status":"open","sticky":false,"template":"","format":"standard","meta":{"_lmt_disableupdate":"","_lmt_disable":"","_jetpack_memberships_contains_paid_content":false,"footnotes":""},"categories":[109,51],"tags":[123],"class_list":["post-74160","post","type-post","status-publish","format-standard","has-post-thumbnail","hentry","category-minuto-a-minuto","category-zona-roja","tag-juchitan-de-zaragoza"],"jetpack_featured_media_url":"https:\/\/zonaroja.com.mx\/wp-content\/uploads\/2024\/11\/Maleta-con-restos-humanos-Juchitan.jpg","jetpack_sharing_enabled":true,"_links":{"self":[{"href":"https:\/\/zonaroja.com.mx\/index.php?rest_route=\/wp\/v2\/posts\/74160","targetHints":{"allow":["GET"]}}],"collection":[{"href":"https:\/\/zonaroja.com.mx\/index.php?rest_route=\/wp\/v2\/posts"}],"about":[{"href":"https:\/\/zonaroja.com.mx\/index.php?rest_route=\/wp\/v2\/types\/post"}],"author":[{"embeddable":true,"href":"https:\/\/zonaroja.com.mx\/index.php?rest_route=\/wp\/v2\/users\/2"}],"replies":[{"embeddable":true,"href":"https:\/\/zonaroja.com.mx\/index.php?rest_route=%2Fwp%2Fv2%2Fcomments&post=74160"}],"version-history":[{"count":1,"href":"https:\/\/zonaroja.com.mx\/index.php?rest_route=\/wp\/v2\/posts\/74160\/revisions"}],"predecessor-version":[{"id":74162,"href":"https:\/\/zonaroja.com.mx\/index.php?rest_route=\/wp\/v2\/posts\/74160\/revisions\/74162"}],"wp:featuredmedia":[{"embeddable":true,"href":"https:\/\/zonaroja.com.mx\/index.php?rest_route=\/wp\/v2\/media\/74161"}],"wp:attachment":[{"href":"https:\/\/zonaroja.com.mx\/index.php?rest_route=%2Fwp%2Fv2%2Fmedia&parent=74160"}],"wp:term":[{"taxonomy":"category","embeddable":true,"href":"https:\/\/zonaroja.com.mx\/index.php?rest_route=%2Fwp%2Fv2%2Fcategories&post=74160"},{"taxonomy":"post_tag","embeddable":true,"href":"https:\/\/zonaroja.com.mx\/index.php?rest_route=%2Fwp%2Fv2%2Ftags&post=74160"}],"curies":[{"name":"wp","href":"https:\/\/api.w.org\/{rel}","templated":true}]}}