{"id":74168,"date":"2024-11-05T09:05:00","date_gmt":"2024-11-05T15:05:00","guid":{"rendered":"https:\/\/zonaroja.com.mx\/?p=74168"},"modified":"2024-11-05T07:07:38","modified_gmt":"2024-11-05T13:07:38","slug":"tendra-la-capital-de-oaxaca-una-ciudad-de-los-deportes","status":"publish","type":"post","link":"https:\/\/zonaroja.com.mx\/?p=74168","title":{"rendered":"Tendr\u00e1 la capital de Oaxaca una ciudad de los Deportes"},"content":{"rendered":"\n<p>Redacci\u00f3n\/Zona Roja.<\/p>\n\n\n\n<p>Oaxaca de Ju\u00e1rez, Oax., a 5 de noviembre de 2024.- En 2026, Oaxaca contar\u00e1 con un nuevo espacio emblem\u00e1tico, se trata de la Ciudad de los Deportes, la cual albergar\u00e1 el nuevo estadio de b\u00e9isbol que ser\u00e1 la casa de los Guerreros de Oaxaca, el cual tendr\u00e1 un aforo de ocho mil personas.&nbsp;<\/p>\n\n\n\n<p>Previ\u00f3 a la instalaci\u00f3n de la primera piedra de esta obra, el gobernador Salom\u00f3n Jara Cruz mencion\u00f3 que se trata un espacio en el que convergen dos grandes proyectos que transformar\u00e1n la ciudad de Oaxaca, ya que se unir\u00e1 el Polideportivo \u201cVenustiano Carranza\u201d con el estadio, adem\u00e1s de integrar al Barrio M\u00e1gico de Jalatlaco y el Paseo Ju\u00e1rez \u201cEl Llano\u201d.&nbsp;<\/p>\n\n\n\n<p>\u201cCon esta acci\u00f3n, la Primavera Oaxaque\u00f1a asume su compromiso con el deporte y con la infraestructura deportiva como pilares fundamentales de la cohesi\u00f3n social al derecho al esparcimiento, espero que este nuevo espacio impulse a\u00fan m\u00e1s el \u00e9xito de los Guerreros de Oaxaca\u201d, indic\u00f3.<\/p>\n\n\n\n<p>Destac\u00f3 tambi\u00e9n que gracias a la pasi\u00f3n por el beisbol de don Alfredo Harp Hel\u00fa, quien impulsa este proyecto, se concreta este nuevo espacio que traer\u00e1 grandes beneficios para las y los oaxaque\u00f1os. &nbsp;<\/p>\n\n\n\n<p>Por su parte, el fil\u00e1ntropo Alfredo Harp Hel\u00fa, presidente vitalicio de la fundaci\u00f3n que lleva su nombre, rememor\u00f3 que en m\u00e1s de 30 a\u00f1os de presencia en Oaxaca, han trabajado en el mejor complemento para la educaci\u00f3n, que es el deporte, por lo que tambi\u00e9n habr\u00e1 un museo que contendr\u00e1 todo lo referente a los Guerreros de Oaxaca, en el marco de las tres d\u00e9cadas de vida del equipo que cumplir\u00e1 en el a\u00f1o de la inauguraci\u00f3n.&nbsp;<\/p>\n\n\n\n<p>\u201cOaxaca no se pod\u00eda quedar atr\u00e1s, va a quedar ideal para la ciudad, es una maravilla\u201d, expres\u00f3.\u00a0<\/p>\n\n\n\n<figure class=\"wp-block-embed is-type-rich is-provider-twitter wp-block-embed-twitter\"><div class=\"wp-block-embed__wrapper\">\n<div class=\"twitter-tweet\"><blockquote class=\"twitter-tweet\" data-lang=\"es\"><p lang=\"es\" dir=\"ltr\">En la presentaci\u00f3n del nuevo estadio de b\u00e9isbol de\u201cGuerreros\u201d Oaxaca particip\u00f3 tambi\u00e9n el presidente municipal de <a href=\"https:\/\/twitter.com\/hashtag\/Oaxaca?src=hash&amp;ref_src=twsrc%5Etfw\">#Oaxaca<\/a> de Ju\u00e1rez, <a href=\"https:\/\/twitter.com\/FMartinezNeri?ref_src=twsrc%5Etfw\">@FMartinezNeri<\/a> quien reconoci\u00f3 la aportaci\u00f3n don <a href=\"https:\/\/twitter.com\/alfredoharphelu?ref_src=twsrc%5Etfw\">@alfredoharphelu<\/a> e <a href=\"https:\/\/twitter.com\/isabelgporrua?ref_src=twsrc%5Etfw\">@isabelgporrua<\/a> al estado. <a href=\"https:\/\/t.co\/uCVhohKJF0\">pic.twitter.com\/uCVhohKJF0<\/a><\/p>&mdash; Zona Roja Oaxaca (@ZonaRoja_Oaxaca) <a href=\"https:\/\/twitter.com\/ZonaRoja_Oaxaca\/status\/1853560819377664192?ref_src=twsrc%5Etfw\">4 de noviembre de 2024<\/a><\/blockquote><\/div>\n<\/div><\/figure>\n\n\n\n<p>En tanto, la presidenta de la Fundaci\u00f3n Alfredo Harp Hel\u00fa, Mar\u00eda Isabel Gra\u00f1\u00e9n Porr\u00faa, destac\u00f3 la importancia de la creaci\u00f3n de un museo, ya que ello permitir\u00e1 reconoce<\/p>\n\n\n\n<p> a todas las personas que han abierto el camino en el \u00e1mbito deportivo. \u201cHoy inicia una nueva etapa, queremos que Oaxaca siga siendo tan hermosa y ahora con un estadio nuevo, sin duda ser\u00e1 a\u00fan m\u00e1s\u201d, dijo.<\/p>\n\n\n\n<p>Por su parte el rector de la Universidad Aut\u00f3noma Benito Ju\u00e1rez de Oaxaca (UABJO) Cristian Eder Carre\u00f1o L\u00f3pez reiter\u00f3 el compromiso por seguir trabajando desde la academia para contribuir al bienestar de Oaxaca.<\/p>\n\n\n\n<p>PROYECTO INTEGRAL<\/p>\n\n\n\n<p>A trav\u00e9s de un esfuerzo entre el Gobierno del Estado, la UABJO y la iniciativa privada se concretar\u00e1n las estrategias de intervenci\u00f3n urbana que abarcar\u00e1n calles aleda\u00f1as a este espacio con arborizaci\u00f3n, peatonalizaci\u00f3n y pavimentaci\u00f3n adecuada, as\u00ed lo se\u00f1al\u00f3 el arquitecto del proyecto Jos\u00e9 Pablo Ambrosio.&nbsp;<\/p>\n\n\n\n<p>Tambi\u00e9n se fortalecer\u00e1 la identidad cultural, se utilizar\u00e1n materiales de la regi\u00f3n, se impulsar\u00e1 la econom\u00eda local y se mejorar\u00e1n las condiciones de seguridad en la zona.&nbsp;<\/p>\n\n\n\n<p>De igual forma, el presidente Ejecutivo del Club de B\u00e9isbol Guerreros de Oaxaca Guillermo Esp\u00edndola Morales asegur\u00f3 que el nuevo inmueble tendr\u00e1 un aforo de 8 mil personas, adem\u00e1s de 18 palcos, as\u00ed como, Iluminaci\u00f3n de bajo consumo, sonido, pantallas, sistemas de recuperaci\u00f3n de aguas pluviales, desarrollo de \u00e1reas comerciales y espacios verdes.&nbsp;<\/p>\n\n\n\n<p>Adem\u00e1s del Museo del B\u00e9isbol, tambi\u00e9n habr\u00e1 un planetario, plazas p\u00fablicas, estacionamiento subterr\u00e1neo, biblioteca y \u00e1reas para alimentos y bebidas.&nbsp;<\/p>\n","protected":false},"excerpt":{"rendered":"<p>Redacci\u00f3n\/Zona Roja. Oaxaca de Ju\u00e1rez, Oax., a 5 de noviembre de 2024.- En 2026, Oaxaca&hellip;<\/p>\n","protected":false},"author":2,"featured_media":74169,"comment_status":"closed","ping_status":"open","sticky":false,"template":"","format":"standard","meta":{"_lmt_disableupdate":"","_lmt_disable":"","_jetpack_memberships_contains_paid_content":false,"footnotes":""},"categories":[109,47],"tags":[939],"class_list":["post-74168","post","type-post","status-publish","format-standard","has-post-thumbnail","hentry","category-minuto-a-minuto","category-zona-gris","tag-salomon-jara-cruz"],"jetpack_featured_media_url":"https:\/\/zonaroja.com.mx\/wp-content\/uploads\/2024\/11\/Primera-piedra-ciudad-de-los-deportes-Oaxaca-Jara.jpeg","jetpack_sharing_enabled":true,"_links":{"self":[{"href":"https:\/\/zonaroja.com.mx\/index.php?rest_route=\/wp\/v2\/posts\/74168","targetHints":{"allow":["GET"]}}],"collection":[{"href":"https:\/\/zonaroja.com.mx\/index.php?rest_route=\/wp\/v2\/posts"}],"about":[{"href":"https:\/\/zonaroja.com.mx\/index.php?rest_route=\/wp\/v2\/types\/post"}],"author":[{"embeddable":true,"href":"https:\/\/zonaroja.com.mx\/index.php?rest_route=\/wp\/v2\/users\/2"}],"replies":[{"embeddable":true,"href":"https:\/\/zonaroja.com.mx\/index.php?rest_route=%2Fwp%2Fv2%2Fcomments&post=74168"}],"version-history":[{"count":1,"href":"https:\/\/zonaroja.com.mx\/index.php?rest_route=\/wp\/v2\/posts\/74168\/revisions"}],"predecessor-version":[{"id":74170,"href":"https:\/\/zonaroja.com.mx\/index.php?rest_route=\/wp\/v2\/posts\/74168\/revisions\/74170"}],"wp:featuredmedia":[{"embeddable":true,"href":"https:\/\/zonaroja.com.mx\/index.php?rest_route=\/wp\/v2\/media\/74169"}],"wp:attachment":[{"href":"https:\/\/zonaroja.com.mx\/index.php?rest_route=%2Fwp%2Fv2%2Fmedia&parent=74168"}],"wp:term":[{"taxonomy":"category","embeddable":true,"href":"https:\/\/zonaroja.com.mx\/index.php?rest_route=%2Fwp%2Fv2%2Fcategories&post=74168"},{"taxonomy":"post_tag","embeddable":true,"href":"https:\/\/zonaroja.com.mx\/index.php?rest_route=%2Fwp%2Fv2%2Ftags&post=74168"}],"curies":[{"name":"wp","href":"https:\/\/api.w.org\/{rel}","templated":true}]}}