{"id":74171,"date":"2024-11-05T14:07:00","date_gmt":"2024-11-05T20:07:00","guid":{"rendered":"https:\/\/zonaroja.com.mx\/?p=74171"},"modified":"2024-11-05T07:12:22","modified_gmt":"2024-11-05T13:12:22","slug":"las-otras-tradiciones","status":"publish","type":"post","link":"https:\/\/zonaroja.com.mx\/?p=74171","title":{"rendered":"Las otras tradiciones\u2026"},"content":{"rendered":"\n<p>Isidoro Yescas*<\/p>\n\n\n\n<p>Ya se est\u00e1 haciendo costumbre en el gobierno primaveral que todo lo que toca y forma parte de las fiestas y tradiciones de nuestros pueblos originarios no&nbsp;solamente lo&nbsp;echa a perder, sino que los usa con fines de lucro&nbsp;econ\u00f3mico y\/o&nbsp;pol\u00edtico.&nbsp;<\/p>\n\n\n\n<p>El tequio&nbsp;es el mejor ejemplo de lucro pol\u00edtico y&nbsp;las &nbsp;pasadas festividades del D\u00eda &nbsp;de&nbsp;Muertos de lucro econ\u00f3mico: 16 millones de pesos para conciertos, montaje de altares, publicidad y, otra vez, para compra de papel&nbsp;(y pl\u00e1stico)&nbsp;picado.<\/p>\n\n\n\n<p>Pero hoy habr\u00e1 que ocuparse de otras tradiciones, aquellas instauradas por el PRI y que con&nbsp;Morena controlando ya los tres&nbsp;poderes&nbsp;persisten&nbsp;y se reproducen bajo &nbsp;un nuevo discurso que, a contrapelo de lo que ocurre a nivel federal, en Oaxaca no ha aterrizado en una batalla cultural para cambiar el viejo orden pol\u00edtico .<\/p>\n\n\n\n<p>El concepto&nbsp;gramsciano&nbsp;de&nbsp;batalla cultural hace&nbsp;referencia a la necesidad de un partido o gobierno de izquierda de generar mecanismos&nbsp;y&nbsp;estrategias entre la sociedad,&nbsp;no solamente &nbsp;para consolidar sus pol\u00edticas p\u00fablicas,&nbsp;sino&nbsp;tambi\u00e9n&nbsp;para impulsar&nbsp;una nueva&nbsp;cultura pol\u00edtica&nbsp;y empoderar a la ciudadan\u00eda.&nbsp;<\/p>\n\n\n\n<p>Ajustado el concepto a lo que hoy es o pretende ser la&nbsp;4T&nbsp;como proyecto de gobierno a nivel estatal, una&nbsp;de las&nbsp;batallas&nbsp;culturales m\u00e1s&nbsp;importantes,&nbsp;seg\u00fan lo coment\u00f3 &nbsp;recientemente&nbsp;a funcionarios del Gobierno del Estado&nbsp;el polit\u00f3logo&nbsp;espa\u00f1ol&nbsp;y&nbsp;co-fundador&nbsp;del partido de izquierda Podemos,&nbsp;Pablo Iglesias,&nbsp;es dise\u00f1ar&nbsp;e impulsar una pol\u00edtica&nbsp;medi\u00e1tica&nbsp;que&nbsp;haga contrapeso&nbsp;a la ideolog\u00eda, modos y formas de comunicar de la&nbsp;derecha&nbsp;y, sobre todo, que sirva e impulse &nbsp;lazos de identidad con el pueblo, con la sociedad.&nbsp;<\/p>\n\n\n\n<p>Iglesias fue claro al subrayar que no es suficiente ganar elecciones que, acoto,&nbsp;a final de cuentas es en donde el gobierno primaveral&nbsp;(y&nbsp;los gobiernos morenistas&nbsp;en general) ha demostrado ser m\u00e1s eficaz y eficiente.&nbsp;<\/p>\n\n\n\n<p>Hace falta, subray\u00f3 Iglesias, apostarle a una pol\u00edtica comunicacional que adem\u00e1s de generar v\u00ednculos con el pueblo, se constituya en&nbsp;contrapeso a los grandes medios de informaci\u00f3n. Y una de las v\u00edas para alcanzar ese objetivo,&nbsp;se\u00f1al\u00f3,&nbsp;es&nbsp;apoyar a los medios peque\u00f1os.<\/p>\n\n\n\n<p>Poco o nada de esas&nbsp;reflexiones&nbsp;y&nbsp;recomendaciones se han visto en Oaxaca con la 4T en el Poder Ejecutivo.<\/p>\n\n\n\n<p>Se sigue con la tradici\u00f3n, heredada de los gobiernos&nbsp;pri\u00edstas, de apostarle a lo ya establecido.<\/p>\n\n\n\n<p>Un espacio privilegiado como CORTV&nbsp;sobrevive por inercia y no se&nbsp;observa hasta ahora ninguna intenci\u00f3n oficial&nbsp;para&nbsp;ser&nbsp;rescatado&nbsp;y&nbsp;convertirlo en un medio de comunicaci\u00f3n de Estado,&nbsp;que no&nbsp;solamente&nbsp;sirva para difundir &nbsp;las costumbres y tradiciones de nuestros pueblos&nbsp;y las actividades del jefe del oder Ejecutivo estatal (como el PRI lo hizo costumbre)&nbsp;sino que se &nbsp;impulse &nbsp;como un espacio de reflexi\u00f3n plural y cr\u00edtico para debatir los grandes problemas de Oaxaca y del pa\u00eds.<\/p>\n\n\n\n<p>Otro tanto ocurre con el trato que se tiene con el viejo poder medi\u00e1tico&nbsp;empresarial,&nbsp;en&nbsp;donde se opt\u00f3 por la v\u00eda m\u00e1s f\u00e1cil y corta de pactar o cooptar con los&nbsp;medios y&nbsp;comunicadores que le fueron bastante leales y \u00fatiles al&nbsp;viejo r\u00e9gimen&nbsp;antes que incentivar el empoderamiento de medios alternativos, de esos medios peque\u00f1os&nbsp;(y serios)&nbsp;a los que aludi\u00f3 Pablo Iglesias en su conferencia.<\/p>\n\n\n\n<p>En fin, que&nbsp;habr\u00e1 que esperar que si no es por iniciativa del gobierno primaveral, y fieles a nuestra tradici\u00f3n centralista&nbsp;(ahora&nbsp;mucho m\u00e1s marcada), las se\u00f1ales de que en Oaxaca la 4T no es un m\u00e1s de lo mismo empiecen a llegar desde el centro para que esa batalla cultural-medi\u00e1tica iniciada en el sexenio de AMLO cobre sentido en una entidad urgida de cambios y transformaci\u00f3n social.<\/p>\n\n\n\n<p>*Maestro en Sociolog\u00eda.<\/p>\n\n\n\n<p>X:@YescasIsidoro<\/p>\n","protected":false},"excerpt":{"rendered":"<p>Isidoro Yescas* Ya se est\u00e1 haciendo costumbre en el gobierno primaveral que todo lo que&hellip;<\/p>\n","protected":false},"author":2,"featured_media":71623,"comment_status":"closed","ping_status":"open","sticky":false,"template":"","format":"standard","meta":{"_lmt_disableupdate":"","_lmt_disable":"","_jetpack_memberships_contains_paid_content":false,"footnotes":""},"categories":[456,109],"tags":[3998],"class_list":["post-74171","post","type-post","status-publish","format-standard","has-post-thumbnail","hentry","category-columna","category-minuto-a-minuto","tag-isidoro-yescas-martinez"],"jetpack_featured_media_url":"https:\/\/zonaroja.com.mx\/wp-content\/uploads\/2024\/08\/Opinion.-Isidoro-Yescas.jpg","jetpack_sharing_enabled":true,"_links":{"self":[{"href":"https:\/\/zonaroja.com.mx\/index.php?rest_route=\/wp\/v2\/posts\/74171","targetHints":{"allow":["GET"]}}],"collection":[{"href":"https:\/\/zonaroja.com.mx\/index.php?rest_route=\/wp\/v2\/posts"}],"about":[{"href":"https:\/\/zonaroja.com.mx\/index.php?rest_route=\/wp\/v2\/types\/post"}],"author":[{"embeddable":true,"href":"https:\/\/zonaroja.com.mx\/index.php?rest_route=\/wp\/v2\/users\/2"}],"replies":[{"embeddable":true,"href":"https:\/\/zonaroja.com.mx\/index.php?rest_route=%2Fwp%2Fv2%2Fcomments&post=74171"}],"version-history":[{"count":1,"href":"https:\/\/zonaroja.com.mx\/index.php?rest_route=\/wp\/v2\/posts\/74171\/revisions"}],"predecessor-version":[{"id":74172,"href":"https:\/\/zonaroja.com.mx\/index.php?rest_route=\/wp\/v2\/posts\/74171\/revisions\/74172"}],"wp:featuredmedia":[{"embeddable":true,"href":"https:\/\/zonaroja.com.mx\/index.php?rest_route=\/wp\/v2\/media\/71623"}],"wp:attachment":[{"href":"https:\/\/zonaroja.com.mx\/index.php?rest_route=%2Fwp%2Fv2%2Fmedia&parent=74171"}],"wp:term":[{"taxonomy":"category","embeddable":true,"href":"https:\/\/zonaroja.com.mx\/index.php?rest_route=%2Fwp%2Fv2%2Fcategories&post=74171"},{"taxonomy":"post_tag","embeddable":true,"href":"https:\/\/zonaroja.com.mx\/index.php?rest_route=%2Fwp%2Fv2%2Ftags&post=74171"}],"curies":[{"name":"wp","href":"https:\/\/api.w.org\/{rel}","templated":true}]}}