{"id":74189,"date":"2024-11-05T16:44:03","date_gmt":"2024-11-05T22:44:03","guid":{"rendered":"https:\/\/zonaroja.com.mx\/?p=74189"},"modified":"2024-11-05T16:44:05","modified_gmt":"2024-11-05T22:44:05","slug":"hallan-asesinada-a-otra-joven-desaparecida-en-oaxaca-detienen-a-feminicida","status":"publish","type":"post","link":"https:\/\/zonaroja.com.mx\/?p=74189","title":{"rendered":"Hallan asesinada a otra joven desaparecida en Oaxaca; detienen a feminicida"},"content":{"rendered":"\n<p>Raymundo Morales\/Zona Roja.<\/p>\n\n\n\n<p>Oaxaca de Ju\u00e1rez, Oax., a 4 de noviembre de 2024.- Otra mujer que fue reportada como desaparecida el pasado 31 de octubre en Oaxaca, fue hallada muerta anoche.<\/p>\n\n\n\n<p>Se trata de Soledad C. G., de 20 a\u00f1os de edad, quien fue vista por \u00faltima vez el en el centro de San Juan Bautista Tuxtepec, municipio de la regi\u00f3n Cuenca del estado.<\/p>\n\n\n\n<p>Tras la emisi\u00f3n de la ficha por parte de la Unidad de B\u00fasqueda de Personas Desaparecidas y No Localizadas, la Fiscal\u00eda General del Estado de Oaxaca inici\u00f3 las indagatorias y los operativos correspondientes.<\/p>\n\n\n\n<p>Y fue anoche, a unos 125 kil\u00f3metros del lugar de la desaparici\u00f3n, a un costado de la carretera federal 175 Tuxtepec-Oaxaca, en que fue localizado el cuerpo; hasta el momento se desconoce la forma en que fue privada de la vida.<\/p>\n\n\n\n<p>En un comunicado, la Fiscal\u00eda confirm\u00f3 el hecho esta tarde y adem\u00e1s dio a conocer la detenci\u00f3n de un individuo, probable feminicida, identificado con las iniciales A. A. V., pareja de la v\u00edctima.<\/p>\n\n\n\n<p>Agrego que el hecho que se investiga de manera estricta bajo el Protocolo de Investigaci\u00f3n Ministerial, Policial y Pericial del Delito de Feminicidio, vigente en la entidad.<\/p>\n\n\n\n<p>El individuo fue puesto a disposici\u00f3n de la autoridad ministerial correspondiente, para determinar su situaci\u00f3n legal.<\/p>\n\n\n\n<p>La instituci\u00f3n de procuraci\u00f3n de justicia agrego que &nbsp;derivado de los resultados de las indagatorias, fue posible dar con el paradero del cuerpo sin vida de la v\u00edctima.<\/p>\n\n\n\n<p>\u201cLa Fiscal\u00eda General reitera su compromiso a esclarecer delitos de g\u00e9nero en la entidad, aplicando todo el rigor de la Ley a quien o quienes resulten responsables\u201d.<\/p>\n","protected":false},"excerpt":{"rendered":"<p>Raymundo Morales\/Zona Roja. Oaxaca de Ju\u00e1rez, Oax., a 4 de noviembre de 2024.- Otra mujer&hellip;<\/p>\n","protected":false},"author":2,"featured_media":74190,"comment_status":"closed","ping_status":"open","sticky":false,"template":"","format":"standard","meta":{"_lmt_disableupdate":"","_lmt_disable":"","_jetpack_memberships_contains_paid_content":false,"footnotes":""},"categories":[109,51],"tags":[4104],"class_list":["post-74189","post","type-post","status-publish","format-standard","has-post-thumbnail","hentry","category-minuto-a-minuto","category-zona-roja","tag-soledad-c-g-tuxtepec"],"jetpack_featured_media_url":"https:\/\/zonaroja.com.mx\/wp-content\/uploads\/2024\/11\/Soledad-desaparecida-asesinada-Tuxtepec.jpg","jetpack_sharing_enabled":true,"_links":{"self":[{"href":"https:\/\/zonaroja.com.mx\/index.php?rest_route=\/wp\/v2\/posts\/74189","targetHints":{"allow":["GET"]}}],"collection":[{"href":"https:\/\/zonaroja.com.mx\/index.php?rest_route=\/wp\/v2\/posts"}],"about":[{"href":"https:\/\/zonaroja.com.mx\/index.php?rest_route=\/wp\/v2\/types\/post"}],"author":[{"embeddable":true,"href":"https:\/\/zonaroja.com.mx\/index.php?rest_route=\/wp\/v2\/users\/2"}],"replies":[{"embeddable":true,"href":"https:\/\/zonaroja.com.mx\/index.php?rest_route=%2Fwp%2Fv2%2Fcomments&post=74189"}],"version-history":[{"count":1,"href":"https:\/\/zonaroja.com.mx\/index.php?rest_route=\/wp\/v2\/posts\/74189\/revisions"}],"predecessor-version":[{"id":74191,"href":"https:\/\/zonaroja.com.mx\/index.php?rest_route=\/wp\/v2\/posts\/74189\/revisions\/74191"}],"wp:featuredmedia":[{"embeddable":true,"href":"https:\/\/zonaroja.com.mx\/index.php?rest_route=\/wp\/v2\/media\/74190"}],"wp:attachment":[{"href":"https:\/\/zonaroja.com.mx\/index.php?rest_route=%2Fwp%2Fv2%2Fmedia&parent=74189"}],"wp:term":[{"taxonomy":"category","embeddable":true,"href":"https:\/\/zonaroja.com.mx\/index.php?rest_route=%2Fwp%2Fv2%2Fcategories&post=74189"},{"taxonomy":"post_tag","embeddable":true,"href":"https:\/\/zonaroja.com.mx\/index.php?rest_route=%2Fwp%2Fv2%2Ftags&post=74189"}],"curies":[{"name":"wp","href":"https:\/\/api.w.org\/{rel}","templated":true}]}}