{"id":7419,"date":"2020-01-08T07:50:26","date_gmt":"2020-01-08T13:50:26","guid":{"rendered":"http:\/\/www.zonaroja.com.mx\/?p=7419"},"modified":"2020-01-08T08:50:38","modified_gmt":"2020-01-08T14:50:38","slug":"aumenta-crisis-en-medio-oriente-mueren-176-en-avionazo-cerca-de-teheran","status":"publish","type":"post","link":"https:\/\/zonaroja.com.mx\/?p=7419","title":{"rendered":"Aumenta crisis en Medio Oriente; mueren 176 en avionazo cerca de Teher\u00e1n"},"content":{"rendered":"\n<p>Redacci\u00f3n\/Zona\nRoja Cdmx.<\/p>\n\n\n\n<p>Ciudad\nde M\u00e9xico, 8 de enero de 2020.- Todos los pasajeros y tripulantes a bordo de un\navi\u00f3n de la aerol\u00ednea ucraniana UIA, que se estrell\u00f3 este mi\u00e9rcoles cerca de\nTeher\u00e1n murieron en el accidente, seg\u00fan la Organizaci\u00f3n de Emergencias de Ir\u00e1n.<\/p>\n\n\n\n<p>El\ndirector de esta organizaci\u00f3n, Pir Hosein Kolivand, explic\u00f3 a la agencia local\nFars que las 176 personas que viajaban en el aparato perecieron en el\nsiniestro.<\/p>\n\n\n\n<p>En\nel avi\u00f3n, un Boeing 737 con destino a Kiev, se encontraban 167 pasajeros y\nnueve miembros de la tripulaci\u00f3n, de acuerdo con las \u00faltimas informaciones.<\/p>\n\n\n\n<p>El\nBoeing 737 sali\u00f3 del aeropuerto internacional iran\u00ed Im\u00e1n Jomein\u00ed con una hora\nde retraso y, debido a problemas t\u00e9cnicos, se precipit\u00f3 al suelo poco despu\u00e9s\ndel despegue.<\/p>\n\n\n\n<p>El\nvicepresidente de la Media Luna Roja de la provincia de Teher\u00e1n, Ebrahim Tayik\nNur\u00ed, se\u00f1al\u00f3 que les fue comunicado el accidente a las 06:22 hora local, y que\nunos 60 equipos de rescate se desplazaron inmediatamente al lugar del suceso.<\/p>\n\n\n\n<p>A\nla zona, ubicada entre las localidades de Shahed y Parand, al sur de Teher\u00e1n,\nfueron enviados tambi\u00e9n dos helic\u00f3pteros y 10 ambulancias, explic\u00f3 Tayik Nur\u00ed.<\/p>\n\n\n\n<p>El\nresponsable de la Media Luna Roja indic\u00f3 asimismo que lograron extinguir el\nincendio ocasionado y estaban retirando los cuerpos.<\/p>\n\n\n\n<p>Las\nespeculaciones sobre un posible derribo inundaron las redes sociales, porque la\nagencia Al Hadad, de Jordania, indic\u00f3 en primera instancia, que la bater\u00eda\nantia\u00e9rea iran\u00ed habr\u00eda confundido el aparato comercial.<\/p>\n\n\n\n<p>A\nLA ESPERA<\/p>\n\n\n\n<p>Mientras\ntanto, Estados Unidos est\u00e1 a la espera de la declaraci\u00f3n de su Presidente,\nDonald Trump, sobre el ataque con misiles bal\u00edsticos lanzado ayer desde Ir\u00e1n\ncontra dos bases a\u00e9reas en territorio iraqu\u00ed, que albergan tropas\nestadunidenses.<\/p>\n\n\n\n<p>El\nPent\u00e1gono confirm\u00f3 que el ataque, una posible represalia de Ir\u00e1n por el\nasesinato por parte de EU del general Qasem Soleimani, se produjo contra las\nbases de Al Asad y Erbil.<\/p>\n\n\n\n<p>Pero\nen un comunicado los Guardianes de la Revoluci\u00f3n iran\u00ed solo citan la base de\nAin al Asad y fuentes policiales y militares iraqu\u00edes confirmaron en principio\ntambi\u00e9n \u00fanicamente ese bombardeo y no el de Erbil.<\/p>\n\n\n\n<p>Un\nportavoz del Pent\u00e1gono, Jonathan Hoffman, afirm\u00f3 que todav\u00eda no est\u00e1 claro si\nhubo v\u00edctimas y que est\u00e1n trabajando en las evaluaciones iniciales de los\nda\u00f1os.<\/p>\n\n\n\n<p>\u201cEst\u00e1\nclaro que estos misiles fueron lanzados desde Ir\u00e1n y dirigidos contra al menos\ndos bases militares iraqu\u00edes\u201d, se\u00f1al\u00f3 la nota y precis\u00f3 que est\u00e1n trabajando en\nlas evaluaciones iniciales de los da\u00f1os.<\/p>\n\n\n\n<p>\u201cEsas\nbases han estado en m\u00e1xima alerta debido a las se\u00f1ales de que el r\u00e9gimen de\niran\u00ed planeaba atacar nuestras fuerzas e intereses en la regi\u00f3n\u201d, a\u00f1adi\u00f3 el\ncomunicado.<\/p>\n\n\n\n<p>Trump\nasegur\u00f3 horas despu\u00e9s de la acci\u00f3n militar iran\u00ed que \u201ctodo est\u00e1 bien\u201d, y\nanticip\u00f3 que hoy har\u00e1 una declaraci\u00f3n al respecto.<\/p>\n\n\n\n<p>\u201cTenemos\nel Ej\u00e9rcito m\u00e1s poderoso y bien equipado en cualquier parte del mundo, con\ndiferencia\u201d, escribi\u00f3 el Mandatario en su cuenta de Twitter.<\/p>\n\n\n\n<p>El\nPresidente ratific\u00f3 en su mensaje que los misiles fueron lanzados \u201cdesde Ir\u00e1n\nhacia dos bases militares situadas en Irak\u201d.<\/p>\n\n\n\n<p>Trump\nagreg\u00f3 que est\u00e1n evaluando v\u00edctimas y da\u00f1os, sin abundar en mayores detalles.<\/p>\n\n\n\n<p>COORDINADOS<\/p>\n\n\n\n<p>Un\nportavoz de la Casa Blanca, Judd Deere, indic\u00f3 que el Presidente estadunidense\nhabl\u00f3 con la canciller alemana, Angela Merkel, sobre la situaci\u00f3n de seguridad\nen Medio Oriente y en Libia y que acordaron mantener una coordinaci\u00f3n estrecha.<\/p>\n\n\n\n<p>Tambi\u00e9n\ndialog\u00f3 con el emir de Catar, Tamim bin Hamad al Zani, sobre la situaci\u00f3n en\nIrak e Ir\u00e1n, as\u00ed como sobre asuntos bilaterales y regionales cruciales, apunt\u00f3\nDeere en su cuenta de Twitter.<\/p>\n\n\n\n<p>Despu\u00e9s\nde los informes procedentes de Irak, el Mandatario se reuni\u00f3 con los\nsecretarios de Estado, Mike Pompeo, y de Defensa, Mark Esper, as\u00ed como con el\ngeneral Mark Milley, jefe del Estado Mayor Conjunto, seg\u00fan versiones de\nperiodistas.<\/p>\n\n\n\n<p>En\nuna de las primeras medidas adoptadas por Washington, la Administraci\u00f3n Federal\nde Aviaci\u00f3n (FAA) prohibi\u00f3 que las aerol\u00edneas comerciales de EU operen sobre el\nespacio a\u00e9reo de Irak e Ir\u00e1n, y sobre los golfos P\u00e9rsico y de Om\u00e1n.<\/p>\n\n\n\n<p>PRIMER\nPASO<\/p>\n\n\n\n<p>Los\nGuardianes de la Revoluci\u00f3n iran\u00ed informaron de que el ataque contra la base\nmilitar Ain al Asad es un primer paso de su \u201cdura venganza\u201d por el asesinato de\nSoleimani.<\/p>\n\n\n\n<p>\u201cAl\nGran Sat\u00e1n, el r\u00e9gimen cruel y arrogante de EU, advertimos de que cualquier\notra maldad, violaci\u00f3n u otras medidas se enfrentar\u00e1 a una respuesta m\u00e1s\ndolorosa y aplastante\u201d, asegur\u00f3 el Cuerpo de los Guardianes de la Revoluci\u00f3n.<\/p>\n\n\n\n<p>En\nnoviembre pasado, el vicepresidente estadunidense, Mike Pence, y su esposa\nKaren, visitaron esa instalaci\u00f3n y sirvieron una comida de Acci\u00f3n de Gracias a\nunos 150 militares estadunidenses. Tambi\u00e9n Trump estuvo en ese lugar junto a su\nmujer Melania, en diciembre de 2018.<\/p>\n\n\n\n<p>Horas\nantes del ataque, Trump descart\u00f3 que planeara sacar pr\u00f3ximamente a las tropas\nde Irak y se retract\u00f3 de su amenaza de atacar objetivos culturales iran\u00edes, al\ncomprometerse a \u201cobedecer las leyes\u201d internacionales en ese sentido.<\/p>\n\n\n\n<p>AUMENTA\nDUELO<\/p>\n\n\n\n<p>M\u00e1s\nde 50 personas murieron ayer en una estampida, durante el funeral en la ciudad\nde Kerman del comandante Qasem Soleiman\u00ed, cuyo asesinato por Estados Unidos\nllev\u00f3 al Parlamento iran\u00ed a designar al Pent\u00e1gono grupo terrorista.<\/p>\n\n\n\n<p>La\ntragedia, cuyas causas exactas se desconocen, se produjo cuando cientos de\nmiles de personas daban su \u00faltimo adi\u00f3s al comandante de la Fuerza Quds,\noriginario de Kerman, en el sur de Ir\u00e1n.<\/p>\n\n\n\n<p>El\ndirector general de la Organizaci\u00f3n de Medicina Forense de Kerman, Abas Amian,\ninform\u00f3 de que est\u00e1n identificando a las 50 v\u00edctimas mortales y que los decesos\nfueron por asfixia, seg\u00fan la agencia Tasnim.<\/p>\n\n\n\n<p>Los\nvideos que circulan en las redes sociales muestran situaciones de caos y p\u00e1nico\ny personas tendidas en el suelo pisoteadas a las que otros ciudadanos intentan\nreanimar aplicando primeros auxilios.<\/p>\n\n\n\n<p>Mujeres,\nhombres, ancianos y ni\u00f1os se encuentran entre las v\u00edctimas de la estampida en\nKerman, cuyos hospitales est\u00e1n en m\u00e1xima alerta y adonde se traslad\u00f3 el\nministro de Salud, Said Namak\u00ed, para supervisar y dirigir las labores de\nemergencia.<\/p>\n\n\n\n<p>(Con\ninformaci\u00f3n de agencias internacionales)<\/p>\n","protected":false},"excerpt":{"rendered":"<p>Redacci\u00f3n\/Zona Roja Cdmx. Ciudad de M\u00e9xico, 8 de enero de 2020.- Todos los pasajeros y&hellip;<\/p>\n","protected":false},"author":2,"featured_media":7420,"comment_status":"closed","ping_status":"open","sticky":false,"template":"","format":"standard","meta":{"_lmt_disableupdate":"","_lmt_disable":"","_jetpack_memberships_contains_paid_content":false,"footnotes":""},"categories":[109,47],"tags":[1239],"class_list":["post-7419","post","type-post","status-publish","format-standard","has-post-thumbnail","hentry","category-minuto-a-minuto","category-zona-gris","tag-guerra-iran-estados-unidos"],"jetpack_featured_media_url":"https:\/\/zonaroja.com.mx\/wp-content\/uploads\/2020\/01\/avionazo.jpg","jetpack_sharing_enabled":true,"_links":{"self":[{"href":"https:\/\/zonaroja.com.mx\/index.php?rest_route=\/wp\/v2\/posts\/7419","targetHints":{"allow":["GET"]}}],"collection":[{"href":"https:\/\/zonaroja.com.mx\/index.php?rest_route=\/wp\/v2\/posts"}],"about":[{"href":"https:\/\/zonaroja.com.mx\/index.php?rest_route=\/wp\/v2\/types\/post"}],"author":[{"embeddable":true,"href":"https:\/\/zonaroja.com.mx\/index.php?rest_route=\/wp\/v2\/users\/2"}],"replies":[{"embeddable":true,"href":"https:\/\/zonaroja.com.mx\/index.php?rest_route=%2Fwp%2Fv2%2Fcomments&post=7419"}],"version-history":[{"count":2,"href":"https:\/\/zonaroja.com.mx\/index.php?rest_route=\/wp\/v2\/posts\/7419\/revisions"}],"predecessor-version":[{"id":7422,"href":"https:\/\/zonaroja.com.mx\/index.php?rest_route=\/wp\/v2\/posts\/7419\/revisions\/7422"}],"wp:featuredmedia":[{"embeddable":true,"href":"https:\/\/zonaroja.com.mx\/index.php?rest_route=\/wp\/v2\/media\/7420"}],"wp:attachment":[{"href":"https:\/\/zonaroja.com.mx\/index.php?rest_route=%2Fwp%2Fv2%2Fmedia&parent=7419"}],"wp:term":[{"taxonomy":"category","embeddable":true,"href":"https:\/\/zonaroja.com.mx\/index.php?rest_route=%2Fwp%2Fv2%2Fcategories&post=7419"},{"taxonomy":"post_tag","embeddable":true,"href":"https:\/\/zonaroja.com.mx\/index.php?rest_route=%2Fwp%2Fv2%2Ftags&post=7419"}],"curies":[{"name":"wp","href":"https:\/\/api.w.org\/{rel}","templated":true}]}}