{"id":74192,"date":"2024-11-05T19:07:33","date_gmt":"2024-11-06T01:07:33","guid":{"rendered":"https:\/\/zonaroja.com.mx\/?p=74192"},"modified":"2024-11-05T19:07:35","modified_gmt":"2024-11-06T01:07:35","slug":"legisladores-electos-de-oaxaca-reciben-capacitacion","status":"publish","type":"post","link":"https:\/\/zonaroja.com.mx\/?p=74192","title":{"rendered":"Legisladores electos de Oaxaca reciben capacitaci\u00f3n\u00a0"},"content":{"rendered":"\n<p>Redacci\u00f3n\/Zona Roja.&nbsp;<\/p>\n\n\n\n<p>Oaxaca de Ju\u00e1rez, Oax., a 5 de noviembre de 2024.- A una semana de que sea instalada la 66 Legislatura local, diputadas y diputados electos son capacitados en materia parlamentaria en el Congreso de Oaxaca.&nbsp;<\/p>\n\n\n\n<p>El lunes fueron impartidos los temas de c\u00f3digo de \u00e9tica y trabajo legislativo enfocado en \u00f3rganos, actos y resoluciones.<\/p>\n\n\n\n<p>Este martes, contin\u00faa el taller en materia legislativa con \u00e9nfasis en obligaciones de transparencia, adem\u00e1s de modelos de gobierno.<\/p>\n\n\n\n<p>La capacitaci\u00f3n continuar\u00e1 el mi\u00e9rcoles 6 y jueves 7 de noviembre, en el \u00e1mbito presupuestario y finanzas p\u00fablicas; ciclo de las pol\u00edticas p\u00fablicas; y elaboraci\u00f3n de la agenda legislativa.<\/p>\n\n\n\n<p>Entre los ponentes est\u00e1n Miguel Erasmo Zald\u00edvar, Nayeli Guzm\u00e1n Carvajal, Fernando R\u00edos y Gabriel Delgadillo.<\/p>\n\n\n\n<p>De conformidad con el art\u00edculo 17 de la Ley Org\u00e1nica del Poder Legislativo, la 66 Legislatura local deber\u00e1 de ser instalada el 13 de noviembre del presente a\u00f1o, a las 10:00 horas en sesi\u00f3n, en el recinto legislativo del Congreso&nbsp;de&nbsp;Oaxaca.<\/p>\n","protected":false},"excerpt":{"rendered":"<p>Redacci\u00f3n\/Zona Roja.&nbsp; Oaxaca de Ju\u00e1rez, Oax., a 5 de noviembre de 2024.- A una semana&hellip;<\/p>\n","protected":false},"author":2,"featured_media":74193,"comment_status":"closed","ping_status":"open","sticky":false,"template":"","format":"standard","meta":{"_lmt_disableupdate":"","_lmt_disable":"","_jetpack_memberships_contains_paid_content":false,"footnotes":""},"categories":[109,46],"tags":[303],"class_list":["post-74192","post","type-post","status-publish","format-standard","has-post-thumbnail","hentry","category-minuto-a-minuto","category-zona-blanca","tag-congreso-del-estado-de-oaxaca"],"jetpack_featured_media_url":"https:\/\/zonaroja.com.mx\/wp-content\/uploads\/2024\/11\/Capacitan-a-congresistas-electos-de-la-LXVI-Legislatura-local_2.jpeg","jetpack_sharing_enabled":true,"_links":{"self":[{"href":"https:\/\/zonaroja.com.mx\/index.php?rest_route=\/wp\/v2\/posts\/74192","targetHints":{"allow":["GET"]}}],"collection":[{"href":"https:\/\/zonaroja.com.mx\/index.php?rest_route=\/wp\/v2\/posts"}],"about":[{"href":"https:\/\/zonaroja.com.mx\/index.php?rest_route=\/wp\/v2\/types\/post"}],"author":[{"embeddable":true,"href":"https:\/\/zonaroja.com.mx\/index.php?rest_route=\/wp\/v2\/users\/2"}],"replies":[{"embeddable":true,"href":"https:\/\/zonaroja.com.mx\/index.php?rest_route=%2Fwp%2Fv2%2Fcomments&post=74192"}],"version-history":[{"count":1,"href":"https:\/\/zonaroja.com.mx\/index.php?rest_route=\/wp\/v2\/posts\/74192\/revisions"}],"predecessor-version":[{"id":74194,"href":"https:\/\/zonaroja.com.mx\/index.php?rest_route=\/wp\/v2\/posts\/74192\/revisions\/74194"}],"wp:featuredmedia":[{"embeddable":true,"href":"https:\/\/zonaroja.com.mx\/index.php?rest_route=\/wp\/v2\/media\/74193"}],"wp:attachment":[{"href":"https:\/\/zonaroja.com.mx\/index.php?rest_route=%2Fwp%2Fv2%2Fmedia&parent=74192"}],"wp:term":[{"taxonomy":"category","embeddable":true,"href":"https:\/\/zonaroja.com.mx\/index.php?rest_route=%2Fwp%2Fv2%2Fcategories&post=74192"},{"taxonomy":"post_tag","embeddable":true,"href":"https:\/\/zonaroja.com.mx\/index.php?rest_route=%2Fwp%2Fv2%2Ftags&post=74192"}],"curies":[{"name":"wp","href":"https:\/\/api.w.org\/{rel}","templated":true}]}}