{"id":74195,"date":"2024-11-05T20:35:41","date_gmt":"2024-11-06T02:35:41","guid":{"rendered":"https:\/\/zonaroja.com.mx\/?p=74195"},"modified":"2024-11-05T20:35:42","modified_gmt":"2024-11-06T02:35:42","slug":"vive-oaxaca-otro-dia-de-caos-con-bloqueos-y-protestas","status":"publish","type":"post","link":"https:\/\/zonaroja.com.mx\/?p=74195","title":{"rendered":"Vive Oaxaca otro d\u00eda de caos con bloqueos y protestas"},"content":{"rendered":"\n<p>Raymundo Morales\/Zona Roja.<\/p>\n\n\n\n<p>Oaxaca de Ju\u00e1rez, Oax., a 5 de noviembre de 2024.- Por segundo d\u00eda consecutivo, la ciudad de Oaxaca vivi\u00f3 otro d\u00eda de caos, por protestas y bloqueo de vialidades.<\/p>\n\n\n\n<p>Primero fueron supuestos estudiantes universitarios quienes se apoderaron de al menos tres autobuses, con los cuales cerraron los dos carriles de la avenida Universidad.<\/p>\n\n\n\n<p>Lo anterior para rechazar el alza a la tarifa del pasaje en el transporte urbano, que entra en vigor ma\u00f1ana, con un aumento del 25 por ciento.<\/p>\n\n\n\n<p>Se presentaron como Frente \u00danico Estudiantil \u201cHermanos Ricardo Flores Mag\u00f3n\u201d, pero era no m\u00e1s de una docena de j\u00f3venes, encabezados por un \u201cporro\u201d universitario.<\/p>\n\n\n\n<p>Tras una llamada telef\u00f3nica, no m\u00e1s de una hora despu\u00e9s de iniciada la protesta, fue retirada y devueltos los camiones a los concesionarios.<\/p>\n\n\n\n<p>Apenas conclu\u00eda esa actividad, cuando trabajadores del Hospital Civil \u201cDr. Aurelio Valdivieso\u201d partieron en marcha de la calzada Porfirio D\u00edaz hacia la sede de la Secci\u00f3n 35 del Sindicato Nacional de Trabajadores de Salud, en la calle Leandro Valle del centro de la ciudad.<\/p>\n\n\n\n<p>Ah\u00ed exigieron la presencia del secretario General, Omar Jes\u00fas L\u00f3pez, para que explicara la falta de apoyo a la bases sindical del nosocomio.<\/p>\n\n\n\n<p>Tras ello sali\u00f3 a la calle el dirigente pero s\u00f3lo recibi\u00f3 abucheos y reclamos; estuvo a punto de ser golpeado por los trabajadores; despu\u00e9s de ello la protesta se disolvi\u00f3.<\/p>\n\n\n\n<p>Apenas terminaba esa movilizaci\u00f3n, cuando un grupo de trabajadores de la educaci\u00f3n, afiliados a la Secci\u00f3n 22 del SNTE, del sector Tlacolula, bloquearon dos puntos de la carretera Internacional en la capital.<\/p>\n\n\n\n<p>Uno en el cruce con bulevar Eduardo Vasconcelos y otro en la calle Derechos Humanos y Manuel Ruiz, para exigir al Instituto Estatal de Educaci\u00f3n P\u00fablica dejara de aplicar sanci\u00f3n a una supervisora de la gremial; despu\u00e9s de las 14:00 horas fue retirado el bloqueo.<\/p>\n\n\n\n<p>Paralelo a ello, un grupo de jubilados del Gobierno del Estado protest\u00f3 en la calle de Amapolas, colonia Reforma, en las instalaciones de la Oficina de Pensiones, para exigir alto a la corrupci\u00f3n y pagos pendientes.<\/p>\n\n\n\n<p>En el resto de las regiones del estado de Oaxaca no hubo movilizaciones.<\/p>\n","protected":false},"excerpt":{"rendered":"<p>Raymundo Morales\/Zona Roja. Oaxaca de Ju\u00e1rez, Oax., a 5 de noviembre de 2024.- Por segundo&hellip;<\/p>\n","protected":false},"author":2,"featured_media":74196,"comment_status":"closed","ping_status":"open","sticky":false,"template":"","format":"standard","meta":{"_lmt_disableupdate":"","_lmt_disable":"","_jetpack_memberships_contains_paid_content":false,"footnotes":""},"categories":[109,47],"tags":[2061],"class_list":["post-74195","post","type-post","status-publish","format-standard","has-post-thumbnail","hentry","category-minuto-a-minuto","category-zona-gris","tag-bloqueos-ciudad-de-oaxaca"],"jetpack_featured_media_url":"https:\/\/zonaroja.com.mx\/wp-content\/uploads\/2024\/11\/Protestas-y-bloqueos-Oaxaca.jpg","jetpack_sharing_enabled":true,"_links":{"self":[{"href":"https:\/\/zonaroja.com.mx\/index.php?rest_route=\/wp\/v2\/posts\/74195","targetHints":{"allow":["GET"]}}],"collection":[{"href":"https:\/\/zonaroja.com.mx\/index.php?rest_route=\/wp\/v2\/posts"}],"about":[{"href":"https:\/\/zonaroja.com.mx\/index.php?rest_route=\/wp\/v2\/types\/post"}],"author":[{"embeddable":true,"href":"https:\/\/zonaroja.com.mx\/index.php?rest_route=\/wp\/v2\/users\/2"}],"replies":[{"embeddable":true,"href":"https:\/\/zonaroja.com.mx\/index.php?rest_route=%2Fwp%2Fv2%2Fcomments&post=74195"}],"version-history":[{"count":1,"href":"https:\/\/zonaroja.com.mx\/index.php?rest_route=\/wp\/v2\/posts\/74195\/revisions"}],"predecessor-version":[{"id":74197,"href":"https:\/\/zonaroja.com.mx\/index.php?rest_route=\/wp\/v2\/posts\/74195\/revisions\/74197"}],"wp:featuredmedia":[{"embeddable":true,"href":"https:\/\/zonaroja.com.mx\/index.php?rest_route=\/wp\/v2\/media\/74196"}],"wp:attachment":[{"href":"https:\/\/zonaroja.com.mx\/index.php?rest_route=%2Fwp%2Fv2%2Fmedia&parent=74195"}],"wp:term":[{"taxonomy":"category","embeddable":true,"href":"https:\/\/zonaroja.com.mx\/index.php?rest_route=%2Fwp%2Fv2%2Fcategories&post=74195"},{"taxonomy":"post_tag","embeddable":true,"href":"https:\/\/zonaroja.com.mx\/index.php?rest_route=%2Fwp%2Fv2%2Ftags&post=74195"}],"curies":[{"name":"wp","href":"https:\/\/api.w.org\/{rel}","templated":true}]}}