{"id":74198,"date":"2024-11-05T22:21:58","date_gmt":"2024-11-06T04:21:58","guid":{"rendered":"https:\/\/zonaroja.com.mx\/?p=74198"},"modified":"2024-11-05T22:22:00","modified_gmt":"2024-11-06T04:22:00","slug":"ejecutan-a-individuo-en-peluqueria-de-la-villa-de-zaachila","status":"publish","type":"post","link":"https:\/\/zonaroja.com.mx\/?p=74198","title":{"rendered":"Ejecutan a individuo en peluquer\u00eda de la Villa de Zaachila"},"content":{"rendered":"\n<p>Raymundo Morales\/Zona Roja.<\/p>\n\n\n\n<p>Oaxaca de Ju\u00e1rez, Oax., a 5 de noviembre de 2024.- A falta de polic\u00edas municipales en la zona, un solitario sujeto ingres\u00f3 a un local de peluquer\u00eda de la Villa de Zaachila y asesin\u00f3 a una persona del sexo masculino.<\/p>\n\n\n\n<p>El crimen se perpetr\u00f3 la tarde de hoy en el establecimiento ubicado en la privada Tres Cruces del barrio La Soledad de ese municipio de la regi\u00f3n Valles Centrales de Oaxaca.<\/p>\n\n\n\n<p>La v\u00edctima fue identificada de manera preliminar como Francisco Bonifacio T., de 34 a\u00f1os de edad, y hasta el momento se desconoce qui\u00e9n y por qu\u00e9 lo privaron de la vida.<\/p>\n\n\n\n<p>Los polic\u00edas al mando del edil morenista Rigoberto Chac\u00f3n P\u00e9rez llegaron tarde a la escena del crimen y s\u00f3lo se limitaron a resguardar el \u00e1rea, mientras personal de la Fiscal\u00eda General del Estado de Oaxaca realizaba sus labores periciales.<\/p>\n","protected":false},"excerpt":{"rendered":"<p>Raymundo Morales\/Zona Roja. Oaxaca de Ju\u00e1rez, Oax., a 5 de noviembre de 2024.- A falta&hellip;<\/p>\n","protected":false},"author":2,"featured_media":74199,"comment_status":"closed","ping_status":"open","sticky":false,"template":"","format":"standard","meta":{"_lmt_disableupdate":"","_lmt_disable":"","_jetpack_memberships_contains_paid_content":false,"footnotes":""},"categories":[109,51],"tags":[155],"class_list":["post-74198","post","type-post","status-publish","format-standard","has-post-thumbnail","hentry","category-minuto-a-minuto","category-zona-roja","tag-villa-de-zaachila"],"jetpack_featured_media_url":"https:\/\/zonaroja.com.mx\/wp-content\/uploads\/2024\/11\/Ejecutado-Villa-de-Zaachila.jpeg","jetpack_sharing_enabled":true,"_links":{"self":[{"href":"https:\/\/zonaroja.com.mx\/index.php?rest_route=\/wp\/v2\/posts\/74198","targetHints":{"allow":["GET"]}}],"collection":[{"href":"https:\/\/zonaroja.com.mx\/index.php?rest_route=\/wp\/v2\/posts"}],"about":[{"href":"https:\/\/zonaroja.com.mx\/index.php?rest_route=\/wp\/v2\/types\/post"}],"author":[{"embeddable":true,"href":"https:\/\/zonaroja.com.mx\/index.php?rest_route=\/wp\/v2\/users\/2"}],"replies":[{"embeddable":true,"href":"https:\/\/zonaroja.com.mx\/index.php?rest_route=%2Fwp%2Fv2%2Fcomments&post=74198"}],"version-history":[{"count":1,"href":"https:\/\/zonaroja.com.mx\/index.php?rest_route=\/wp\/v2\/posts\/74198\/revisions"}],"predecessor-version":[{"id":74200,"href":"https:\/\/zonaroja.com.mx\/index.php?rest_route=\/wp\/v2\/posts\/74198\/revisions\/74200"}],"wp:featuredmedia":[{"embeddable":true,"href":"https:\/\/zonaroja.com.mx\/index.php?rest_route=\/wp\/v2\/media\/74199"}],"wp:attachment":[{"href":"https:\/\/zonaroja.com.mx\/index.php?rest_route=%2Fwp%2Fv2%2Fmedia&parent=74198"}],"wp:term":[{"taxonomy":"category","embeddable":true,"href":"https:\/\/zonaroja.com.mx\/index.php?rest_route=%2Fwp%2Fv2%2Fcategories&post=74198"},{"taxonomy":"post_tag","embeddable":true,"href":"https:\/\/zonaroja.com.mx\/index.php?rest_route=%2Fwp%2Fv2%2Ftags&post=74198"}],"curies":[{"name":"wp","href":"https:\/\/api.w.org\/{rel}","templated":true}]}}