{"id":74201,"date":"2024-11-06T07:30:52","date_gmt":"2024-11-06T13:30:52","guid":{"rendered":"https:\/\/zonaroja.com.mx\/?p=74201"},"modified":"2024-11-06T07:30:54","modified_gmt":"2024-11-06T13:30:54","slug":"asesinan-a-dos-mujeres-triquis-en-oaxaca-capital-eran-hermanas-de-dirigentes","status":"publish","type":"post","link":"https:\/\/zonaroja.com.mx\/?p=74201","title":{"rendered":"Asesinan a dos mujeres triquis en Oaxaca capital; eran hermanas de dirigentes"},"content":{"rendered":"\n<p>Ismael Garc\u00eda M.\/Zona Roja.<\/p>\n\n\n\n<p>Oaxaca de Ju\u00e1rez, Oax., a 6 de noviembre de 2024.- Dos mujeres de la etnia triqui, hermanas de integrantes de la dirigencia del MULT, fueron asesinadas a balazos a la media noche de ayer en la ciudad de Oaxaca.<\/p>\n\n\n\n<p>El crimen en contra de las hermanas Adriana y Virginia O. G. ocurri\u00f3 en la calle Revoluci\u00f3n de la colonia Uni\u00f3n del centro de la capital, cuando descend\u00edan del taxi del sitio \u201cAlameda\u201d con n\u00famero econ\u00f3mico 00-089 y placas de circulaci\u00f3n 3187-SJP.<\/p>\n\n\n\n<p>El conductor de la unidad de motor, identificado como Enrique Alberto A. G., de 38 a\u00f1os de edad, result\u00f3 lesionado durante el ataque, por lo cual fue trasladado a un hospital de la capital.<\/p>\n\n\n\n<p>Las v\u00edctimas, de 45 y 35 a\u00f1os de edad, eran hermanas de Emelia y Eleazar Ortiz Garc\u00eda, integrantes de la dirigencia del Movimiento de Unificaci\u00f3n y Lucha Triqui (MULT), primos a su vez de Virginia y Daniela Ortiz Ram\u00edrez, desaparecidas el 5 de julio de 2008 en la regi\u00f3n Mixteca del estado.<\/p>\n\n\n\n<p>Ambas regresaban a su domicilio despu\u00e9s de vender su mercanc\u00eda, cuando fueron atacadas a balazos presuntamente por dos sujetos a bordo de una motocicleta, quienes huyeron de la zona.<\/p>\n\n\n\n<p>Personal de la Fiscal\u00eda General del Estado de Oaxaca inici\u00f3 las indagatorias correspondientes, bajo los protocolos de feminicidio, y garantiz\u00f3 que no habr\u00e1 impunidad.<\/p>\n\n\n\n<figure class=\"wp-block-embed is-type-rich is-provider-twitter wp-block-embed-twitter\"><div class=\"wp-block-embed__wrapper\">\n<div class=\"twitter-tweet\"><blockquote class=\"twitter-tweet\" data-lang=\"es\"><p lang=\"es\" dir=\"ltr\">Dos ind\u00edgenas triquis, Adriana y Virginia, fueron asesinadas a balazos a la media noche de ayer en la colonia Uni\u00f3n de la ciudad de <a href=\"https:\/\/twitter.com\/hashtag\/Oaxaca?src=hash&amp;ref_src=twsrc%5Etfw\">#Oaxaca<\/a>; un taxista result\u00f3 herido. <br>Eran hermanas de los integrantes de la dirigencia del MULT, Emelia y Eleazar Ortiz.<br>Dos primas de ellos,\u2026 <a href=\"https:\/\/t.co\/K9Hktt8dhZ\">pic.twitter.com\/K9Hktt8dhZ<\/a><\/p>&mdash; Zona Roja Oaxaca (@ZonaRoja_Oaxaca) <a href=\"https:\/\/twitter.com\/ZonaRoja_Oaxaca\/status\/1854150074642620448?ref_src=twsrc%5Etfw\">6 de noviembre de 2024<\/a><\/blockquote><\/div>\n<\/div><\/figure>\n","protected":false},"excerpt":{"rendered":"<p>Ismael Garc\u00eda M.\/Zona Roja. Oaxaca de Ju\u00e1rez, Oax., a 6 de noviembre de 2024.- Dos&hellip;<\/p>\n","protected":false},"author":2,"featured_media":74202,"comment_status":"closed","ping_status":"open","sticky":false,"template":"","format":"standard","meta":{"_lmt_disableupdate":"","_lmt_disable":"","_jetpack_memberships_contains_paid_content":false,"footnotes":""},"categories":[109,51],"tags":[867],"class_list":["post-74201","post","type-post","status-publish","format-standard","has-post-thumbnail","hentry","category-minuto-a-minuto","category-zona-roja","tag-movimiento-unificador-de-lucha-triqui-mult"],"jetpack_featured_media_url":"https:\/\/zonaroja.com.mx\/wp-content\/uploads\/2024\/11\/Mujeres-triquis-asesinadas-en-la-ciudad-de-Oaxaca.jpg","jetpack_sharing_enabled":true,"_links":{"self":[{"href":"https:\/\/zonaroja.com.mx\/index.php?rest_route=\/wp\/v2\/posts\/74201","targetHints":{"allow":["GET"]}}],"collection":[{"href":"https:\/\/zonaroja.com.mx\/index.php?rest_route=\/wp\/v2\/posts"}],"about":[{"href":"https:\/\/zonaroja.com.mx\/index.php?rest_route=\/wp\/v2\/types\/post"}],"author":[{"embeddable":true,"href":"https:\/\/zonaroja.com.mx\/index.php?rest_route=\/wp\/v2\/users\/2"}],"replies":[{"embeddable":true,"href":"https:\/\/zonaroja.com.mx\/index.php?rest_route=%2Fwp%2Fv2%2Fcomments&post=74201"}],"version-history":[{"count":1,"href":"https:\/\/zonaroja.com.mx\/index.php?rest_route=\/wp\/v2\/posts\/74201\/revisions"}],"predecessor-version":[{"id":74203,"href":"https:\/\/zonaroja.com.mx\/index.php?rest_route=\/wp\/v2\/posts\/74201\/revisions\/74203"}],"wp:featuredmedia":[{"embeddable":true,"href":"https:\/\/zonaroja.com.mx\/index.php?rest_route=\/wp\/v2\/media\/74202"}],"wp:attachment":[{"href":"https:\/\/zonaroja.com.mx\/index.php?rest_route=%2Fwp%2Fv2%2Fmedia&parent=74201"}],"wp:term":[{"taxonomy":"category","embeddable":true,"href":"https:\/\/zonaroja.com.mx\/index.php?rest_route=%2Fwp%2Fv2%2Fcategories&post=74201"},{"taxonomy":"post_tag","embeddable":true,"href":"https:\/\/zonaroja.com.mx\/index.php?rest_route=%2Fwp%2Fv2%2Ftags&post=74201"}],"curies":[{"name":"wp","href":"https:\/\/api.w.org\/{rel}","templated":true}]}}