{"id":74204,"date":"2024-11-06T08:31:00","date_gmt":"2024-11-06T14:31:00","guid":{"rendered":"https:\/\/zonaroja.com.mx\/?p=74204"},"modified":"2024-11-06T07:47:37","modified_gmt":"2024-11-06T13:47:37","slug":"queda-firme-la-reforma-judicial-la-suprema-corte-rechaza-analizar-invalidacion","status":"publish","type":"post","link":"https:\/\/zonaroja.com.mx\/?p=74204","title":{"rendered":"Queda firme la reforma judicial; la Suprema Corte rechaza analizar invalidaci\u00f3n"},"content":{"rendered":"\n<p>Redacci\u00f3n\/Zona Roja Cdmx.<\/p>\n\n\n\n<p>Ciudad de M\u00e9xico, a 6 de noviembre de 2024.- La Suprema Corte de Justicia de la Naci\u00f3n (SCJN) desestim\u00f3 el proyecto del ministro Juan Luis Gonz\u00e1lez Alc\u00e1ntara Carranc\u00e1&nbsp;que propon\u00eda invalidar algunas disposiciones de la reforma al Poder Judicial.<\/p>\n\n\n\n<p>Los ministros acordaron por mayor\u00eda de seis a cinco (Yasm\u00edn Esquivel, Loretta Ortiz, Lenia Batres, Jorge Mario Pardo Rebolledo, Luis Mar\u00eda Aguilar y Alberto P\u00e9rez Day\u00e1n) que ser\u00edan necesarios ocho votos para darle validez al proyecto del ministro Alc\u00e1ntara Carranc\u00e1.<\/p>\n\n\n\n<p>Durante la discusi\u00f3n del proyecto, el ministro Alberto P\u00e9rez Day\u00e1n manifest\u00f3 que es improcedente y \u201cuna insensatez\u201d promover una acci\u00f3n de inconstitucionalidad contra la reforma judicial, por lo que&nbsp;anticip\u00f3 su voto en contra del proyecto, sum\u00e1ndose as\u00ed a las ministras Yasm\u00edn Esquivel, Loretta Ortiz y Lenia Batres.<\/p>\n\n\n\n<p>Previamente, el Pleno de la Suprema Corte aval\u00f3 la legitimaci\u00f3n de los partidos pol\u00edticos para impugnar la reforma al Poder Judicial.<\/p>\n\n\n\n<p>El proyecto de Alc\u00e1ntara Carranc\u00e1 propon\u00eda&nbsp;eliminar de la reforma la elecci\u00f3n por voto popular de jueces y magistrados de Distrito, en tanto que se mantendr\u00e1 la de ministros de la SCJN y la de magistrados electorales.<\/p>\n\n\n\n<p>Tambi\u00e9n busca eliminar la figura de los jueces sin rostro.<\/p>\n\n\n\n<p>El ministro precis\u00f3 que su proyecto es largo, fundado y que ofrece una alternativa distinta, de ah\u00ed que se deba analizar y discutir con calma.<\/p>\n\n\n\n<p>Advirti\u00f3 que en caso de que la resoluci\u00f3n sea desfavorable para el Ejecutivo y el Legislativo, y que ambos poderes no acaten la sentencia, se hablar\u00e1 de un \u201crompimiento del orden constitucional\u201d con repercusiones al interior del pa\u00eds y a nivel internacional.<\/p>\n\n\n\n<p>Si en este caso hay una sentencia que no les es favorable a todo lo que piensan pues tendr\u00edamos un problema de constitucionalidad bastante fuerte, el Estado de Derecho estar\u00eda cuestionado por un sector importante de la poblaci\u00f3n, pero tambi\u00e9n tendr\u00eda otro tipo de repercusiones al interior del pa\u00eds como al exterior\u201d, puntualiz\u00f3.<\/p>\n\n\n\n<p>(Con informaci\u00f3n de L\u00f3pez-D\u00f3riga Digital)<\/p>\n","protected":false},"excerpt":{"rendered":"<p>Redacci\u00f3n\/Zona Roja Cdmx. Ciudad de M\u00e9xico, a 6 de noviembre de 2024.- La Suprema Corte&hellip;<\/p>\n","protected":false},"author":2,"featured_media":74205,"comment_status":"closed","ping_status":"open","sticky":false,"template":"","format":"standard","meta":{"_lmt_disableupdate":"","_lmt_disable":"","_jetpack_memberships_contains_paid_content":false,"footnotes":""},"categories":[109,47],"tags":[2878],"class_list":["post-74204","post","type-post","status-publish","format-standard","has-post-thumbnail","hentry","category-minuto-a-minuto","category-zona-gris","tag-suprema-corte-de-justicia-de-la-nacion-scjn"],"jetpack_featured_media_url":"https:\/\/zonaroja.com.mx\/wp-content\/uploads\/2024\/11\/Sesion-Suprema-Corte-de-Justicia-SCJN.webp","jetpack_sharing_enabled":true,"_links":{"self":[{"href":"https:\/\/zonaroja.com.mx\/index.php?rest_route=\/wp\/v2\/posts\/74204","targetHints":{"allow":["GET"]}}],"collection":[{"href":"https:\/\/zonaroja.com.mx\/index.php?rest_route=\/wp\/v2\/posts"}],"about":[{"href":"https:\/\/zonaroja.com.mx\/index.php?rest_route=\/wp\/v2\/types\/post"}],"author":[{"embeddable":true,"href":"https:\/\/zonaroja.com.mx\/index.php?rest_route=\/wp\/v2\/users\/2"}],"replies":[{"embeddable":true,"href":"https:\/\/zonaroja.com.mx\/index.php?rest_route=%2Fwp%2Fv2%2Fcomments&post=74204"}],"version-history":[{"count":1,"href":"https:\/\/zonaroja.com.mx\/index.php?rest_route=\/wp\/v2\/posts\/74204\/revisions"}],"predecessor-version":[{"id":74206,"href":"https:\/\/zonaroja.com.mx\/index.php?rest_route=\/wp\/v2\/posts\/74204\/revisions\/74206"}],"wp:featuredmedia":[{"embeddable":true,"href":"https:\/\/zonaroja.com.mx\/index.php?rest_route=\/wp\/v2\/media\/74205"}],"wp:attachment":[{"href":"https:\/\/zonaroja.com.mx\/index.php?rest_route=%2Fwp%2Fv2%2Fmedia&parent=74204"}],"wp:term":[{"taxonomy":"category","embeddable":true,"href":"https:\/\/zonaroja.com.mx\/index.php?rest_route=%2Fwp%2Fv2%2Fcategories&post=74204"},{"taxonomy":"post_tag","embeddable":true,"href":"https:\/\/zonaroja.com.mx\/index.php?rest_route=%2Fwp%2Fv2%2Ftags&post=74204"}],"curies":[{"name":"wp","href":"https:\/\/api.w.org\/{rel}","templated":true}]}}