{"id":74212,"date":"2024-11-06T11:18:00","date_gmt":"2024-11-06T17:18:00","guid":{"rendered":"https:\/\/zonaroja.com.mx\/?p=74212"},"modified":"2024-11-06T09:24:00","modified_gmt":"2024-11-06T15:24:00","slug":"michoacan-atacan-a-policias-y-queman-9-vehiculos-un-rematado-en-hospital-de-guerrero","status":"publish","type":"post","link":"https:\/\/zonaroja.com.mx\/?p=74212","title":{"rendered":"Michoac\u00e1n: atacan a polic\u00edas y queman 9 veh\u00edculos; un rematado en hospital de Guerrero"},"content":{"rendered":"\n<p>Redacci\u00f3n\/Zona Roja Cdmx.<\/p>\n\n\n\n<p>Ciudad de M\u00e9xico, a 6 de noviembre de 2024.- Sujetos armados atacaron una patrulla de la Guardia Civil de Michoac\u00e1n (polic\u00eda estatal) e incendiaron nueve veh\u00edculos, algunos de carga, en la carretera federal Maravat\u00edo-Quer\u00e9ndaro-\u00c1lvaro Obreg\u00f3n, ayer en la madrugada, inform\u00f3 la Secretar\u00eda de Seguridad P\u00fablica estatal.&nbsp;<\/p>\n\n\n\n<p>Tras agredir a los agentes, a unos kil\u00f3metros de la desviaci\u00f3n a Los Azufres, a la altura de San Miguel Taimeo, los delincuentes se dirigieron al mercado municipal de Quer\u00e9ndaro, donde prendieron fuego a un torton.<\/p>\n\n\n\n<p>Mientras, otro grupo de criminales incendi\u00f3 una unidad de carga a la altura del cruce de la carretera Maravat\u00edo-Quer\u00e9ndaro, en la desviaci\u00f3n Ciudad Hidalgo-Zinap\u00e9cuaro.<\/p>\n\n\n\n<p>Y en las carreteras Zinap\u00e9cuaro-Ac\u00e1mbaro-\u00c1lvaro Obreg\u00f3n, del estado de Guanajuato, quemaron tres automotores. En las zonas aleda\u00f1as a Zinap\u00e9cuaro rumbo Ac\u00e1mbaro y \u00c1lvaro Obreg\u00f3n, prendieron fuego al resto de veh\u00edculos.<\/p>\n\n\n\n<p>Autoridades policiacas indicaron que la mayor\u00eda de las v\u00edas fueron liberadas antes de las 7 horas; sin embargo, en el cruce Quer\u00e9ndaro-Maravat\u00edo con Ciudad Hidalgo-Zinap\u00e9cuaro, los trabajos de retiro de unidades se complicaron y concluyeron despu\u00e9s de 10 horas.<\/p>\n\n\n\n<p>EN GUERRERO<\/p>\n\n\n\n<p>Un hombre que recib\u00eda atenci\u00f3n m\u00e9dica en el hospital del Instituto Mexicano del Seguro Social Bienestar del municipio de Coyuca de Ben\u00edtez, en la regi\u00f3n de Costa Grande de Guerrero, fue ejecutado por sujetos armados que irrumpieron en el nosocomio.<\/p>\n\n\n\n<p>El ataque fue cometido ayer alrededor de las 9 horas, cuando los sicarios ingresaron a la unidad m\u00e9dica, ubicada en la carretera federal Acapulco-Zihuatanejo, y despu\u00e9s de localizar al internado, cuya identidad no fue proporcionada, le dispararon.<\/p>\n\n\n\n<p>Las detonaciones ocasionaron temor entre personal m\u00e9dico, pacientes y familiares.<\/p>\n\n\n\n<p>EN SINALOA<\/p>\n\n\n\n<p>En Sinaloa, Marcelino Ticante Castro, identificado como \u201cEl Fantasma\u201d y se\u00f1alado como uno de los hombres de confianza de Joaqu\u00edn \u201cEl Chapo\u201d Guzm\u00e1n, fue detenido en un operativo del Ej\u00e9rcito realizado en el Campo Cuba, sindicatura de Costa Rica, el pasado domingo.<\/p>\n\n\n\n<p>El capo fue puesto en libertad el 2 de julio anterior del penal del Altiplano, donde permaneci\u00f3 detenido desde el 9 de febrero de 2013, por delitos contra la salud y portaci\u00f3n de armas de fuego exclusivas del Ej\u00e9rcito.<\/p>\n\n\n\n<p>Seg\u00fan fuentes policiacas, hombres armados que se desplazaban por la carreta conocida como \u201cla 24\u201d, al percatarse de la presencia de personal del Ej\u00e9rcito los atacaron con disparos de fusiles autom\u00e1ticos, por lo que \u00e9stos respondieron la agresi\u00f3n y comenz\u00f3 una persecuci\u00f3n. Los efectivos castrenses sometieron a tres sujetos armados, entre ellos \u201cEl Fantasma), y lesion\u00f3 a uno m\u00e1s, a los cuales les aseguraron tres veh\u00edculos, uno de ellos blindado, armas autom\u00e1ticas y equipos t\u00e1cticos.<\/p>\n\n\n\n<p>(Con informaci\u00f3n de \u201cLa Jornada\u201d y \u201cDebate de Sinaloa\u201d)<\/p>\n","protected":false},"excerpt":{"rendered":"<p>Redacci\u00f3n\/Zona Roja Cdmx. Ciudad de M\u00e9xico, a 6 de noviembre de 2024.- Sujetos armados atacaron&hellip;<\/p>\n","protected":false},"author":2,"featured_media":74213,"comment_status":"closed","ping_status":"open","sticky":false,"template":"","format":"standard","meta":{"_lmt_disableupdate":"","_lmt_disable":"","_jetpack_memberships_contains_paid_content":false,"footnotes":""},"categories":[109,47],"tags":[1746],"class_list":["post-74212","post","type-post","status-publish","format-standard","has-post-thumbnail","hentry","category-minuto-a-minuto","category-zona-gris","tag-violencia-en-mexico"],"jetpack_featured_media_url":"https:\/\/zonaroja.com.mx\/wp-content\/uploads\/2024\/11\/Michoacan-violencia-y-bloqueos.webp","jetpack_sharing_enabled":true,"_links":{"self":[{"href":"https:\/\/zonaroja.com.mx\/index.php?rest_route=\/wp\/v2\/posts\/74212","targetHints":{"allow":["GET"]}}],"collection":[{"href":"https:\/\/zonaroja.com.mx\/index.php?rest_route=\/wp\/v2\/posts"}],"about":[{"href":"https:\/\/zonaroja.com.mx\/index.php?rest_route=\/wp\/v2\/types\/post"}],"author":[{"embeddable":true,"href":"https:\/\/zonaroja.com.mx\/index.php?rest_route=\/wp\/v2\/users\/2"}],"replies":[{"embeddable":true,"href":"https:\/\/zonaroja.com.mx\/index.php?rest_route=%2Fwp%2Fv2%2Fcomments&post=74212"}],"version-history":[{"count":1,"href":"https:\/\/zonaroja.com.mx\/index.php?rest_route=\/wp\/v2\/posts\/74212\/revisions"}],"predecessor-version":[{"id":74214,"href":"https:\/\/zonaroja.com.mx\/index.php?rest_route=\/wp\/v2\/posts\/74212\/revisions\/74214"}],"wp:featuredmedia":[{"embeddable":true,"href":"https:\/\/zonaroja.com.mx\/index.php?rest_route=\/wp\/v2\/media\/74213"}],"wp:attachment":[{"href":"https:\/\/zonaroja.com.mx\/index.php?rest_route=%2Fwp%2Fv2%2Fmedia&parent=74212"}],"wp:term":[{"taxonomy":"category","embeddable":true,"href":"https:\/\/zonaroja.com.mx\/index.php?rest_route=%2Fwp%2Fv2%2Fcategories&post=74212"},{"taxonomy":"post_tag","embeddable":true,"href":"https:\/\/zonaroja.com.mx\/index.php?rest_route=%2Fwp%2Fv2%2Ftags&post=74212"}],"curies":[{"name":"wp","href":"https:\/\/api.w.org\/{rel}","templated":true}]}}