{"id":74215,"date":"2024-11-06T10:25:00","date_gmt":"2024-11-06T16:25:00","guid":{"rendered":"https:\/\/zonaroja.com.mx\/?p=74215"},"modified":"2024-11-06T09:27:55","modified_gmt":"2024-11-06T15:27:55","slug":"aseguran-que-se-fortalecen-operativos-policiacos-en-oaxaca-capital","status":"publish","type":"post","link":"https:\/\/zonaroja.com.mx\/?p=74215","title":{"rendered":"Aseguran que se fortalecen operativos policiacos en Oaxaca capital"},"content":{"rendered":"\n<p>Redacci\u00f3n\/Zona Roja.&nbsp;<\/p>\n\n\n\n<p>Oaxaca de Ju\u00e1rez, Oax., 6 de noviembre de 2024.- La Secretar\u00eda de Seguridad Ciudadana, Movilidad y Protecci\u00f3n Civil del gobierno municipal de Oaxaca de Ju\u00e1rez que encabeza el edil Francisco Mart\u00ednez Neri, &nbsp;refuerza sus acciones para combatir el robo de veh\u00edculos y motocicletas en la capital oaxaque\u00f1a.<\/p>\n\n\n\n<p>Con diversas estrategias basadas en vigilancia, operativos especiales y capacitaci\u00f3n continua, la dependencia ha logrado avances significativos en la disminuci\u00f3n de la incidencia delictiva &nbsp;y en la percepci\u00f3n de seguridad de la ciudadan\u00eda.<\/p>\n\n\n\n<p>Durante el mes de octubre, el cuerpo de seguridad municipal ha recuperado veh\u00edculos y motocicletas con reporte de robo, mediante operativos de revisi\u00f3n en puntos estrat\u00e9gicos de la ciudad.&nbsp;<\/p>\n\n\n\n<p>As\u00ed tambi\u00e9n se realizaron mil 664 consultas de veh\u00edculos, motocicletas y personas, para de esta manera fortalecer las acciones preventivas de control en Oaxaca de Ju\u00e1rez.<\/p>\n\n\n\n<p>Como parte de la estrategia para resguardar la movilidad, la Secretar\u00eda tambi\u00e9n llev\u00f3 a cabo inspecciones a unidades motorizadas, imponiendo un total de mil 161 infracciones por diversas irregularidades; entre ellas, destacan sanciones a 637 autom\u00f3viles, 293 camionetas, 153 motocicletas, 20 taxis, 30 unidades de transporte urbano y 20 &nbsp;del servicio p\u00fablico federal.&nbsp;<\/p>\n\n\n\n<p>Adicionalmente, se aseguraron veh\u00edculos por irregularidades graves, tales como:<\/p>\n\n\n\n<p>Veh\u00edculos con reporte de robo.<\/p>\n\n\n\n<p>Veh\u00edculos por NIV alterado.<\/p>\n\n\n\n<p>Motocicletas con reporte de robo.<\/p>\n\n\n\n<p>Motocicletas por circular con documentaci\u00f3n falsa.<\/p>\n\n\n\n<p>Los conductores de estas unidades fueron puestos a disposici\u00f3n de la Fiscal\u00eda General del Estado para el seguimiento de los procedimientos legales correspondientes.<\/p>\n\n\n\n<p>Asimismo, durante los operativos, se llevaron a cabo detenciones relevantes, entre las que destacan las siguientes:<\/p>\n\n\n\n<p>03\/10\/2024. Detenci\u00f3n de Marcia Guadalupe R. S. de 53 a\u00f1os de edad, por conducir un veh\u00edculo con reporte de robo.<\/p>\n\n\n\n<p>09\/10\/2024. Elementos Municipales realizaron el aseguramiento de un veh\u00edculo marca Volkswagen en circulaci\u00f3n por alteraci\u00f3n en su n\u00famero de serie.<\/p>\n\n\n\n<p>11\/10\/2024. Detenci\u00f3n de Reynaldo L. C. por conducir un veh\u00edculo con reporte de robo.<\/p>\n\n\n\n<p>14\/10\/2024. Detenci\u00f3n de Isaac P. R. por conducir una motocicleta con reporte de robo.<\/p>\n\n\n\n<p>16\/10\/2024. Detenci\u00f3n de Axel Yahir S. B. por robo de una motocicleta marca Italika.<\/p>\n\n\n\n<p>Cabe destacar que, como parte de la ampliaci\u00f3n de estrategias de seguridad, la Secretar\u00eda de Seguridad municipal le da continuidad al programa \u201cTaxi Mujer Segura\u201d, a trav\u00e9s del cual se realizaron 140 operativos en las principales avenidas de la ciudad, supervisando 154 transportes p\u00fablicos y revisando a 63 personas, con el objetivo de brindar mayor protecci\u00f3n a las usuarias del servicio de transporte p\u00fablico.<\/p>\n\n\n\n<p>Estas acciones reflejan el compromiso de la actual administraci\u00f3n por garantizar la seguridad de sus habitantes y evidencian la efectividad de las estrategias implementadas para combatir los delitos relacionados con el robo de veh\u00edculos.<\/p>\n","protected":false},"excerpt":{"rendered":"<p>Redacci\u00f3n\/Zona Roja.&nbsp; Oaxaca de Ju\u00e1rez, Oax., 6 de noviembre de 2024.- La Secretar\u00eda de Seguridad&hellip;<\/p>\n","protected":false},"author":2,"featured_media":74216,"comment_status":"closed","ping_status":"open","sticky":false,"template":"","format":"standard","meta":{"_lmt_disableupdate":"","_lmt_disable":"","_jetpack_memberships_contains_paid_content":false,"footnotes":""},"categories":[109,46],"tags":[494],"class_list":["post-74215","post","type-post","status-publish","format-standard","has-post-thumbnail","hentry","category-minuto-a-minuto","category-zona-blanca","tag-fiscalia-general-del-estado-de-oaxaca"],"jetpack_featured_media_url":"https:\/\/zonaroja.com.mx\/wp-content\/uploads\/2024\/11\/Patrulla-policia-municipal-ciudad-de-Oaxaca.jpeg","jetpack_sharing_enabled":true,"_links":{"self":[{"href":"https:\/\/zonaroja.com.mx\/index.php?rest_route=\/wp\/v2\/posts\/74215","targetHints":{"allow":["GET"]}}],"collection":[{"href":"https:\/\/zonaroja.com.mx\/index.php?rest_route=\/wp\/v2\/posts"}],"about":[{"href":"https:\/\/zonaroja.com.mx\/index.php?rest_route=\/wp\/v2\/types\/post"}],"author":[{"embeddable":true,"href":"https:\/\/zonaroja.com.mx\/index.php?rest_route=\/wp\/v2\/users\/2"}],"replies":[{"embeddable":true,"href":"https:\/\/zonaroja.com.mx\/index.php?rest_route=%2Fwp%2Fv2%2Fcomments&post=74215"}],"version-history":[{"count":1,"href":"https:\/\/zonaroja.com.mx\/index.php?rest_route=\/wp\/v2\/posts\/74215\/revisions"}],"predecessor-version":[{"id":74217,"href":"https:\/\/zonaroja.com.mx\/index.php?rest_route=\/wp\/v2\/posts\/74215\/revisions\/74217"}],"wp:featuredmedia":[{"embeddable":true,"href":"https:\/\/zonaroja.com.mx\/index.php?rest_route=\/wp\/v2\/media\/74216"}],"wp:attachment":[{"href":"https:\/\/zonaroja.com.mx\/index.php?rest_route=%2Fwp%2Fv2%2Fmedia&parent=74215"}],"wp:term":[{"taxonomy":"category","embeddable":true,"href":"https:\/\/zonaroja.com.mx\/index.php?rest_route=%2Fwp%2Fv2%2Fcategories&post=74215"},{"taxonomy":"post_tag","embeddable":true,"href":"https:\/\/zonaroja.com.mx\/index.php?rest_route=%2Fwp%2Fv2%2Ftags&post=74215"}],"curies":[{"name":"wp","href":"https:\/\/api.w.org\/{rel}","templated":true}]}}