{"id":74222,"date":"2024-11-06T18:13:03","date_gmt":"2024-11-07T00:13:03","guid":{"rendered":"https:\/\/zonaroja.com.mx\/?p=74222"},"modified":"2024-11-06T18:13:05","modified_gmt":"2024-11-07T00:13:05","slug":"identifican-a-individuo-ejecutado-en-un-mototaxi-en-juchitan","status":"publish","type":"post","link":"https:\/\/zonaroja.com.mx\/?p=74222","title":{"rendered":"Identifican a individuo ejecutado en un mototaxi en Juchit\u00e1n"},"content":{"rendered":"\n<p>Raymundo Morales\/Zona Roja.<\/p>\n\n\n\n<p>Oaxaca de Ju\u00e1rez, Oax., a 6 de noviembre de 2024.- Como Jes\u00fas C. F., de 27 a\u00f1os de edad, fue identificado el individuo asesinado a balazos la ma\u00f1ana de hoy en el municipio de Juchit\u00e1n de Zaragoza.<\/p>\n\n\n\n<p>El cuerpo fue localizado en el interior de un mototaxi con n\u00famero econ\u00f3mico MT-045 del sitio \u201c5 de mayo\u201d, en un camino de terracer\u00eda de la colonia Tom\u00e1s Aquino, a espaldas de un plantel educativo.<\/p>\n\n\n\n<p>De manera preliminar se inform\u00f3 que el hoy occiso se desempe\u00f1aba como guardi\u00e1n de seguridad de un establecimiento comercial de dicho municipio de la regi\u00f3n del Istmo y a\u00fan se desconoce el m\u00f3vil del crimen.<\/p>\n\n\n\n<p>Presenta varios impactos de arma de fuego, uno de ellos en la cabeza y tampoco hay indicios de qui\u00e9n o qui\u00e9nes lo habr\u00edan acribillado.<\/p>\n\n\n\n<p>Personal de la Vicefiscal\u00eda Regional del Istmo inici\u00f3 con las labores de investigaci\u00f3n correspondientes, para dar con los responsables del asesinato.<\/p>\n\n\n\n<p>Apenas la noche del lunes, en una vialidad del fraccionamiento Infonavit Zapand\u00fa fue hallada una maleta con restos humanos, que hasta el momento no ha sido identificado el cuerpo, debido a que se encontraba cortado en varias partes.<\/p>\n\n\n\n<p>EN HUAJUAPAN<\/p>\n\n\n\n<p>Por otra parte, en un predio bald\u00edo de Huajuapan de Le\u00f3n fue hallado un cuerpo sin vida de una persona del sexo masculino, que se encontraba maniatado y con un pl\u00e1stico en la cabeza.<\/p>\n\n\n\n<p>A\u00fan no se detalla la forma en que fue privado de la vida pero presenta huellas de violencia; fue localizado en jurisdicci\u00f3n de la agencia de Acatlima de dicho municipio de la regi\u00f3n Mixteca.<\/p>\n\n\n\n<p>El cuerpo fue trasladado al anfiteatro para realizar las labores periciales correspondientes a fin de que sea identificado por sus familiares.<\/p>\n","protected":false},"excerpt":{"rendered":"<p>Raymundo Morales\/Zona Roja. Oaxaca de Ju\u00e1rez, Oax., a 6 de noviembre de 2024.- Como Jes\u00fas&hellip;<\/p>\n","protected":false},"author":2,"featured_media":74223,"comment_status":"closed","ping_status":"open","sticky":false,"template":"","format":"standard","meta":{"_lmt_disableupdate":"","_lmt_disable":"","_jetpack_memberships_contains_paid_content":false,"footnotes":""},"categories":[109,51],"tags":[297],"class_list":["post-74222","post","type-post","status-publish","format-standard","has-post-thumbnail","hentry","category-minuto-a-minuto","category-zona-roja","tag-ejecutado-juchitan"],"jetpack_featured_media_url":"https:\/\/zonaroja.com.mx\/wp-content\/uploads\/2024\/11\/Ejecutado-Juchitan.jpeg","jetpack_sharing_enabled":true,"_links":{"self":[{"href":"https:\/\/zonaroja.com.mx\/index.php?rest_route=\/wp\/v2\/posts\/74222","targetHints":{"allow":["GET"]}}],"collection":[{"href":"https:\/\/zonaroja.com.mx\/index.php?rest_route=\/wp\/v2\/posts"}],"about":[{"href":"https:\/\/zonaroja.com.mx\/index.php?rest_route=\/wp\/v2\/types\/post"}],"author":[{"embeddable":true,"href":"https:\/\/zonaroja.com.mx\/index.php?rest_route=\/wp\/v2\/users\/2"}],"replies":[{"embeddable":true,"href":"https:\/\/zonaroja.com.mx\/index.php?rest_route=%2Fwp%2Fv2%2Fcomments&post=74222"}],"version-history":[{"count":1,"href":"https:\/\/zonaroja.com.mx\/index.php?rest_route=\/wp\/v2\/posts\/74222\/revisions"}],"predecessor-version":[{"id":74224,"href":"https:\/\/zonaroja.com.mx\/index.php?rest_route=\/wp\/v2\/posts\/74222\/revisions\/74224"}],"wp:featuredmedia":[{"embeddable":true,"href":"https:\/\/zonaroja.com.mx\/index.php?rest_route=\/wp\/v2\/media\/74223"}],"wp:attachment":[{"href":"https:\/\/zonaroja.com.mx\/index.php?rest_route=%2Fwp%2Fv2%2Fmedia&parent=74222"}],"wp:term":[{"taxonomy":"category","embeddable":true,"href":"https:\/\/zonaroja.com.mx\/index.php?rest_route=%2Fwp%2Fv2%2Fcategories&post=74222"},{"taxonomy":"post_tag","embeddable":true,"href":"https:\/\/zonaroja.com.mx\/index.php?rest_route=%2Fwp%2Fv2%2Ftags&post=74222"}],"curies":[{"name":"wp","href":"https:\/\/api.w.org\/{rel}","templated":true}]}}