{"id":74228,"date":"2024-11-06T20:14:41","date_gmt":"2024-11-07T02:14:41","guid":{"rendered":"https:\/\/zonaroja.com.mx\/?p=74228"},"modified":"2024-11-06T20:15:25","modified_gmt":"2024-11-07T02:15:25","slug":"familiares-de-sandra-dominguez-instalan-planton-en-el-palacio-de-gobierno","status":"publish","type":"post","link":"https:\/\/zonaroja.com.mx\/?p=74228","title":{"rendered":"Familiares de Sandra Dom\u00ednguez instalan \u201cplant\u00f3n\u201d en el Palacio de Gobierno"},"content":{"rendered":"\n<p>Raymundo Morales\/Zona Roja.<\/p>\n\n\n\n<p>Oaxaca de Ju\u00e1rez, Oax., a 6 de noviembre de 2024.- Por considerar que no hay avances en la localizaci\u00f3n con vida de Sandra Est\u00e9fana Dom\u00ednguez, sus familiares se instalaron este mi\u00e9rcoles en \u201cplant\u00f3n\u201d permanente en el acceso principal del Palacio de Gobierno de Oaxaca.<\/p>\n\n\n\n<p>Previo a ello, dieron una conferencia de prensa, acompa\u00f1adas por la organizaci\u00f3n Consorcio Oaxaca, para denunciar que, pese a las promesas, a 33 d\u00edas de la desaparici\u00f3n de la abogada&nbsp;ayuuk, a\u00fan no hay ninguna informaci\u00f3n acerca de su paradero.<\/p>\n\n\n\n<p>Por el contrario, se ha incrementado el acoso e intimidaci\u00f3n a &nbsp;personal jur\u00eddico y acompa\u00f1antes del caso, por lo cual anunciaron el inicio de una protesta permanente.<\/p>\n\n\n\n<p>Aracely Mart\u00ednez Villanueva,&nbsp;Kenia Dom\u00ednguez Mart\u00ednez y Kisha&nbsp;Dom\u00ednguez, madre y hermanas de Sandra, respectivamente, acusaron que han sido v\u00edctimas de seguimiento, vigilancia e intimidaci\u00f3n al ser atajadas por personas vestidas de negro a bordo de motocicletas, con la finalidad de intimidarles para no seguir exigiendo la presentaci\u00f3n de vida de Sandra.<\/p>\n\n\n\n<p>Afirmaron que la familia otorg\u00f3 &nbsp;la confianza a las autoridades pues ellas poseen todos los recursos e infraestructura &nbsp;para&nbsp;obtener su localizaci\u00f3n. Sin embargo, dijo: \u201csolo repiten la misma informaci\u00f3n, sin tener avances sustantivos, ya nos desgastaron, ya nos intimidaron y Sandra sigue desaparecida.<\/p>\n\n\n\n<p>\u201cConfiando en la promesa del gobernador Salom\u00f3n Jara, que nos&nbsp;entregar\u00eda viva a Sandra, le dimos tiempo a las autoridades para regresarnos a mi hermana, sin embargo, no cumplieron y ese&nbsp;t\u00e9rmino&nbsp;ya pas\u00f3\u201d, agreg\u00f3 Kisha.&nbsp;<\/p>\n\n\n\n<p>En su intervenci\u00f3n,&nbsp;Y\u00e9sica&nbsp;Sanchez&nbsp;Maya, de Consorcio Oaxaca, lament\u00f3 que el gobierno estatal no haya dado con el paradero de Sandra; cuestion\u00f3 adem\u00e1s la simulaci\u00f3n de las autoridades sobre el caso, pues si bien se han instalado mesas, &nbsp;no han realizado una b\u00fasqueda eficaz, teniendo todo el andamiaje para localizarla, pero -dijo- les ha faltado voluntad.<\/p>\n\n\n\n<p>\u201cHace unos d\u00edas el gobernador les dio a la familia el tel\u00e9fono directo, le mandaron un mensaje pregunt\u00e1ndole y no les \u00a0ha contestado; entonces, de qu\u00e9 sirve \u00a0tener l\u00ednea directa con el gobernador que en una mesa dice que se compromete y que simplemente \u00a0deja en visto el mensaje de una mam\u00e1 que le est\u00e1 preguntado cu\u00e1ndo le va a entregar a su hija\u201d, cuestion\u00f3.\u00a0<\/p>\n\n\n\n<figure class=\"wp-block-embed is-type-rich is-provider-twitter wp-block-embed-twitter\"><div class=\"wp-block-embed__wrapper\">\n<div class=\"twitter-tweet\"><blockquote class=\"twitter-tweet\" data-lang=\"es\"><p lang=\"es\" dir=\"ltr\">En la conferencia de prensa de familiares de Sandra Dom\u00ednguez y <a href=\"https:\/\/twitter.com\/consorciooaxaca?ref_src=twsrc%5Etfw\">@consorciooaxaca<\/a>, anunciaron un \u201cplant\u00f3n\u201d permanente en el Palacio de Gobierno de Oaxaca.<br>Denunciaron tambi\u00e9n hostigamientos y probable persecuci\u00f3n en contra de ellos. <a href=\"https:\/\/t.co\/PNHnOMf7pL\">pic.twitter.com\/PNHnOMf7pL<\/a><\/p>&mdash; Zona Roja Oaxaca (@ZonaRoja_Oaxaca) <a href=\"https:\/\/twitter.com\/ZonaRoja_Oaxaca\/status\/1854225991121670503?ref_src=twsrc%5Etfw\">6 de noviembre de 2024<\/a><\/blockquote><\/div>\n<\/div><\/figure>\n","protected":false},"excerpt":{"rendered":"<p>Raymundo Morales\/Zona Roja. Oaxaca de Ju\u00e1rez, Oax., a 6 de noviembre de 2024.- Por considerar&hellip;<\/p>\n","protected":false},"author":2,"featured_media":74219,"comment_status":"closed","ping_status":"open","sticky":false,"template":"","format":"standard","meta":{"_lmt_disableupdate":"","_lmt_disable":"","_jetpack_memberships_contains_paid_content":false,"footnotes":""},"categories":[109,47],"tags":[4086],"class_list":["post-74228","post","type-post","status-publish","format-standard","has-post-thumbnail","hentry","category-minuto-a-minuto","category-zona-gris","tag-sandra-dominguez"],"jetpack_featured_media_url":"https:\/\/zonaroja.com.mx\/wp-content\/uploads\/2024\/11\/Conferencia-Consorcio-Sandra-Dominguez.jpeg","jetpack_sharing_enabled":true,"_links":{"self":[{"href":"https:\/\/zonaroja.com.mx\/index.php?rest_route=\/wp\/v2\/posts\/74228","targetHints":{"allow":["GET"]}}],"collection":[{"href":"https:\/\/zonaroja.com.mx\/index.php?rest_route=\/wp\/v2\/posts"}],"about":[{"href":"https:\/\/zonaroja.com.mx\/index.php?rest_route=\/wp\/v2\/types\/post"}],"author":[{"embeddable":true,"href":"https:\/\/zonaroja.com.mx\/index.php?rest_route=\/wp\/v2\/users\/2"}],"replies":[{"embeddable":true,"href":"https:\/\/zonaroja.com.mx\/index.php?rest_route=%2Fwp%2Fv2%2Fcomments&post=74228"}],"version-history":[{"count":2,"href":"https:\/\/zonaroja.com.mx\/index.php?rest_route=\/wp\/v2\/posts\/74228\/revisions"}],"predecessor-version":[{"id":74230,"href":"https:\/\/zonaroja.com.mx\/index.php?rest_route=\/wp\/v2\/posts\/74228\/revisions\/74230"}],"wp:featuredmedia":[{"embeddable":true,"href":"https:\/\/zonaroja.com.mx\/index.php?rest_route=\/wp\/v2\/media\/74219"}],"wp:attachment":[{"href":"https:\/\/zonaroja.com.mx\/index.php?rest_route=%2Fwp%2Fv2%2Fmedia&parent=74228"}],"wp:term":[{"taxonomy":"category","embeddable":true,"href":"https:\/\/zonaroja.com.mx\/index.php?rest_route=%2Fwp%2Fv2%2Fcategories&post=74228"},{"taxonomy":"post_tag","embeddable":true,"href":"https:\/\/zonaroja.com.mx\/index.php?rest_route=%2Fwp%2Fv2%2Ftags&post=74228"}],"curies":[{"name":"wp","href":"https:\/\/api.w.org\/{rel}","templated":true}]}}