{"id":74232,"date":"2024-11-07T07:20:00","date_gmt":"2024-11-07T13:20:00","guid":{"rendered":"https:\/\/zonaroja.com.mx\/?p=74232"},"modified":"2024-11-07T06:55:46","modified_gmt":"2024-11-07T12:55:46","slug":"ponen-en-marcha-nuevo-espacio-integral-del-dif-oaxaca","status":"publish","type":"post","link":"https:\/\/zonaroja.com.mx\/?p=74232","title":{"rendered":"Ponen en marcha nuevo espacio integral del DIF Oaxaca"},"content":{"rendered":"\n<p>Redacci\u00f3n\/Zona Roja.<\/p>\n\n\n\n<p>Oaxaca de Ju\u00e1rez, Oax. A 7 de noviembre de 2024.- La ciudad de Oaxaca cuenta ya con u Centro de Desarrollo Comunitario DIF Pilares Oaxaca, como parte del Plan de Obras Primavera que se realiza en la zona metropolitana de la capital del estado.<\/p>\n\n\n\n<p>Se trata de un espacio integral innovador ubicado en la agencia de San Mart\u00edn Mexic\u00e1pam que brindar\u00e1 atenci\u00f3n en salud f\u00edsica, mental, prevenci\u00f3n de adicciones y construcci\u00f3n de la paz en el tejido social.<\/p>\n\n\n\n<p>El nuevo espacio fue inaugurado este mi\u00e9rcoles por el gobernador Salom\u00f3n Jara Cruz y la presidenta honoraria del Sistema Estatal para el Desarrollo Integral de la Familia Irma Bola\u00f1os Quijano.<\/p>\n\n\n\n<p>\u201cNuestras ni\u00f1as, ni\u00f1os, adolescentes, mujeres y personas mayores, y principalmente aquellas que se encuentran en mayor situaci\u00f3n de vulnerabilidad, necesitan espacios en los que puedan cultivar su bienestar a partir del ejercicio y disfrute pleno de sus derechos y libertades\u201d, sostuvo Irma Bola\u00f1os.<\/p>\n\n\n\n<p>En este sentido, destac\u00f3 que solo es el comienzo, ya que la pol\u00edtica de bienestar que hoy arranca buscar\u00e1 llegar a todas las regiones y comunidades del estado.<\/p>\n\n\n\n<p>El gobernador Jara Cruz y la presidenta del Sistema DIF Oaxaca firmaron como testigos un convenio de colaboraci\u00f3n con la Secretar\u00eda de Educaci\u00f3n P\u00fablica de Oaxaca, Servicios de Salud de Oaxaca, los institutos Estatal de Educaci\u00f3n P\u00fablica de Oaxaca, de la Juventud, del Deporte, de Educaci\u00f3n para Adultos y de Capacitaci\u00f3n y Productividad para el Trabajo, as\u00ed como la Casa de la Cultura Oaxaque\u00f1a para respaldar estas acciones.<\/p>\n\n\n\n<p>ENTREGAN INSTRUMENTOS<\/p>\n\n\n\n<p>En otro acto, el titular del Poder Ejecutivo entreg\u00f3 234 instrumentos de viento, 69 percusiones, 59 instrumentos de cuerda y tres teclados a 51 agrupaciones que mantienen vivo el legado musical de los pueblos y comunidades de las ocho regiones de Oaxaca.<\/p>\n\n\n\n<figure class=\"wp-block-embed is-type-rich is-provider-twitter wp-block-embed-twitter\"><div class=\"wp-block-embed__wrapper\">\n<div class=\"twitter-tweet\"><blockquote class=\"twitter-tweet\" data-lang=\"es\"><p lang=\"zxx\" dir=\"ltr\"><a href=\"https:\/\/t.co\/pNU4PAhDjG\">pic.twitter.com\/pNU4PAhDjG<\/a><\/p>&mdash; Salom\u00f3n Jara Cruz (@salomonj) <a href=\"https:\/\/twitter.com\/salomonj\/status\/1854264111229526497?ref_src=twsrc%5Etfw\">6 de noviembre de 2024<\/a><\/blockquote><\/div>\n<\/div><\/figure>\n\n\n\n<p>Fue el teatro \u201cMacedonio Alcal\u00e1\u201d donde se hizo la primera entrega de instrumentos musicales que beneficiar\u00e1 a 48 comunidades de la Sierra de Ju\u00e1rez, Valles Centrales, Mixteca, Istmo, Sierra Sur, Papaloapan, Sierra de Flores Mag\u00f3n y Costa. En total son 365 instrumentos por un monto superior a los 8.7 millones de pesos.<\/p>\n\n\n\n<p>\u201cCon la entrega de estos instrumentos le damos aliento a la magia musical que est\u00e1 impregnada en nuestra ra\u00edz y se proyectar\u00e1 al mundo el sentir y talento de nuestras bandas comunitarias\u201d, expres\u00f3 Salom\u00f3n Jara.<\/p>\n\n\n\n<p>Alguna de las comunidades que recibieron instrumentos, son San Pedro y San Pablo Ayutla, Santo Tom\u00e1s Jalieza, Santa Catarina Tayata, San Juan Juquila Vijanos, Santiago Lalopa, Santa Ana Tavela, San Pedro Teozacoalco, San Andr\u00e9s Paxtl\u00e1n, Santa Maria Yaves\u00eda, San Mateo Yoloxochitl\u00e1n, Santa Cruz Nundaco, El Mirador de Loma Bonita, San Pedro Ixcatl\u00e1n y Villa Hidalgo Yal\u00e1lag.<\/p>\n\n\n\n<p>RECONOCEN A BACHILLERES<\/p>\n\n\n\n<p>Previo a ello, el Gobernador del Estado encabez\u00f3 una conferencia de prensa, en cuyo marco reconoci\u00f3 la destacada participaci\u00f3n de alumnas y alumnos del Colegio de Bachilleres del Estado de Oaxaca (Cobao) que obtuvieron medallas de oro y plata en el XIX Concurso de Ciencia Infomatrix 2024, realizado en Realic\u00f3, La Pampa, Argentina.&nbsp;<\/p>\n\n\n\n<p>Destac\u00f3 que este logro por cinco estudiantes, as\u00ed como sus docentes, ponen en alto el nombre de Oaxaca y M\u00e9xico. \u201cSentimos mucho orgullo y felicidad por tener tanto talento en la entidad, mujeres y hombres con capacidad para competir y ser mejores\u201d, mencion\u00f3.&nbsp;<\/p>\n\n\n\n<p>El equipo del Plantel 01 Pueblo Nuevo, integrado por Ricardo Humberto S\u00e1nchez Cruz, Mar\u00eda Fernanda Velasco P\u00e9rez y Lluvia Nez Li Hern\u00e1ndez S\u00e1nchez, con la asesor\u00eda del docente Alejandro Enrique Arenaza Villavicencio, obtuvo la presea de oro por el cortometraje \u201c\u00a1Mam\u00e1!\u201d, que retrata las problem\u00e1ticas que vive una mujer originaria de una comunidad alejada con una enfermedad terminal.&nbsp;<\/p>\n\n\n\n<p>Con el proyecto \u201cConecta Cobao\u201d, software que permite el registro de la entrada y salida del estudiantado a las instalaciones de cada plantel, mientras notifica en tiempo real a la madre o padre de familia, Anah\u00ed Hern\u00e1ndez Peralta y Fernando Francisco L\u00f3pez Mauro, con la asesor\u00eda del docente H\u00e9ctor Marlon Aguilar Arellanes del plantel 32 Cuil\u00e1pam, ganaron la medalla de plata.<\/p>\n\n\n\n<figure class=\"wp-block-embed is-type-rich is-provider-twitter wp-block-embed-twitter\"><div class=\"wp-block-embed__wrapper\">\n<div class=\"twitter-tweet\"><blockquote class=\"twitter-tweet\" data-lang=\"es\"><p lang=\"es\" dir=\"ltr\">En la conferencia de hoy nos acompa\u00f1aron alumnas y alumnos del <a href=\"https:\/\/twitter.com\/COBAO_GobOax?ref_src=twsrc%5Etfw\">@COBAO_GobOax<\/a>, quienes ganaron oro y plata en el Concurso Iberoamericano de Proyectos Estudiantiles en Ciencia y Tecnolog\u00eda Infomatrix 2024, de quienes nos sentimos muy contentos y orgullosos por poner en alto el\u2026 <a href=\"https:\/\/t.co\/nAyw5xoM3F\">pic.twitter.com\/nAyw5xoM3F<\/a><\/p>&mdash; Salom\u00f3n Jara Cruz (@salomonj) <a href=\"https:\/\/twitter.com\/salomonj\/status\/1854209924169093221?ref_src=twsrc%5Etfw\">6 de noviembre de 2024<\/a><\/blockquote><\/div>\n<\/div><\/figure>\n","protected":false},"excerpt":{"rendered":"<p>Redacci\u00f3n\/Zona Roja. Oaxaca de Ju\u00e1rez, Oax. A 7 de noviembre de 2024.- La ciudad de&hellip;<\/p>\n","protected":false},"author":2,"featured_media":74233,"comment_status":"closed","ping_status":"open","sticky":false,"template":"","format":"standard","meta":{"_lmt_disableupdate":"","_lmt_disable":"","_jetpack_memberships_contains_paid_content":false,"footnotes":""},"categories":[109,46],"tags":[939],"class_list":["post-74232","post","type-post","status-publish","format-standard","has-post-thumbnail","hentry","category-minuto-a-minuto","category-zona-blanca","tag-salomon-jara-cruz"],"jetpack_featured_media_url":"https:\/\/zonaroja.com.mx\/wp-content\/uploads\/2024\/11\/Salomon-Jara-Pilares-DIF-Oaxaca.jpeg","jetpack_sharing_enabled":true,"_links":{"self":[{"href":"https:\/\/zonaroja.com.mx\/index.php?rest_route=\/wp\/v2\/posts\/74232","targetHints":{"allow":["GET"]}}],"collection":[{"href":"https:\/\/zonaroja.com.mx\/index.php?rest_route=\/wp\/v2\/posts"}],"about":[{"href":"https:\/\/zonaroja.com.mx\/index.php?rest_route=\/wp\/v2\/types\/post"}],"author":[{"embeddable":true,"href":"https:\/\/zonaroja.com.mx\/index.php?rest_route=\/wp\/v2\/users\/2"}],"replies":[{"embeddable":true,"href":"https:\/\/zonaroja.com.mx\/index.php?rest_route=%2Fwp%2Fv2%2Fcomments&post=74232"}],"version-history":[{"count":1,"href":"https:\/\/zonaroja.com.mx\/index.php?rest_route=\/wp\/v2\/posts\/74232\/revisions"}],"predecessor-version":[{"id":74234,"href":"https:\/\/zonaroja.com.mx\/index.php?rest_route=\/wp\/v2\/posts\/74232\/revisions\/74234"}],"wp:featuredmedia":[{"embeddable":true,"href":"https:\/\/zonaroja.com.mx\/index.php?rest_route=\/wp\/v2\/media\/74233"}],"wp:attachment":[{"href":"https:\/\/zonaroja.com.mx\/index.php?rest_route=%2Fwp%2Fv2%2Fmedia&parent=74232"}],"wp:term":[{"taxonomy":"category","embeddable":true,"href":"https:\/\/zonaroja.com.mx\/index.php?rest_route=%2Fwp%2Fv2%2Fcategories&post=74232"},{"taxonomy":"post_tag","embeddable":true,"href":"https:\/\/zonaroja.com.mx\/index.php?rest_route=%2Fwp%2Fv2%2Ftags&post=74232"}],"curies":[{"name":"wp","href":"https:\/\/api.w.org\/{rel}","templated":true}]}}