{"id":74235,"date":"2024-11-07T08:00:00","date_gmt":"2024-11-07T14:00:00","guid":{"rendered":"https:\/\/zonaroja.com.mx\/?p=74235"},"modified":"2024-11-07T08:24:56","modified_gmt":"2024-11-07T14:24:56","slug":"secuestran-y-asesinan-a-director-de-hospital-de-tamazola-oaxaca","status":"publish","type":"post","link":"https:\/\/zonaroja.com.mx\/?p=74235","title":{"rendered":"Secuestran y asesinan a director de hospital de Tamazola, Oaxaca"},"content":{"rendered":"\n<p>Ismael Garc\u00eda M.\/Zona Roja. Foto: Sa\u00fal Salazar. <\/p>\n\n\n\n<p>Oaxaca de Ju\u00e1rez, Oax., a 7 de noviembre de 2024.- Como Luis Roberto D. C., director del hospital regional del IMSS con sede en Santiago Tamazola, fue identificada la v\u00edctima hallada ayer sin vida en jurisdicci\u00f3n de Huajuapan de Le\u00f3n.<\/p>\n\n\n\n<p>El cuerpo fue hallado la ma\u00f1ana de ayer en un predio de la agencia de Acatlima de dicho municipio de la regi\u00f3n Mixteca del estado de Oaxaca y presentaba huellas de tortura, as\u00ed como las manos atadas con cinta adhesiva y los ojos vendados.<\/p>\n\n\n\n<p>\u201cBuena tarde. Disculpen, les agradecer\u00eda mucho si me pudieran ayudar a compartir la siguiente informaci\u00f3n en los diversos grupos de m\u00e9dicos. Busco a mi hermano, \u00e9l se llama Luis Roberto Delgado Castro, es director del hospital de Santiago Tamazola, aproximadamente a 2 hrs de Huajuapan.&nbsp;<\/p>\n\n\n\n<p>\u201cNo hemos tenido comunicaci\u00f3n con \u00e9l desde el d\u00eda lunes. Por favor si me pudieran ayudar a difundir\u201d, fue el mensaje que comenz\u00f3 a circular en WhatsApp desde el pasado martes.<\/p>\n\n\n\n<p>Ayer el cuerpo fue localizad por pobladores de la zona y tras las primeras labores de la Vicefiscal\u00eda Regional de la Mixteca, los familiares acudieron a identificar el cuerpo.<\/p>\n\n\n\n<p>Corroboraron que se trata de Luis Roberto, m\u00e9dico que fung\u00eda como director de un hospital del Instituto Mexicano del Seguro Social en Santiago Tamazola, municipio de la regi\u00f3n Mixteca.<\/p>\n\n\n\n<p>Hasta el momento se desconoce el m\u00f3vil del secuestro y crimen del galeno as\u00ed como la identidad del o de los responsables.<\/p>\n","protected":false},"excerpt":{"rendered":"<p>Ismael Garc\u00eda M.\/Zona Roja. Foto: Sa\u00fal Salazar. Oaxaca de Ju\u00e1rez, Oax., a 7 de noviembre&hellip;<\/p>\n","protected":false},"author":2,"featured_media":74236,"comment_status":"closed","ping_status":"open","sticky":false,"template":"","format":"standard","meta":{"_lmt_disableupdate":"","_lmt_disable":"","_jetpack_memberships_contains_paid_content":false,"footnotes":""},"categories":[109,51],"tags":[594,2096],"class_list":["post-74235","post","type-post","status-publish","format-standard","has-post-thumbnail","hentry","category-minuto-a-minuto","category-zona-roja","tag-huajuapan-de-leon","tag-santiago-tamazola"],"jetpack_featured_media_url":"https:\/\/zonaroja.com.mx\/wp-content\/uploads\/2024\/11\/Medico-Luis-Roberto-Tamazola.jpg","jetpack_sharing_enabled":true,"_links":{"self":[{"href":"https:\/\/zonaroja.com.mx\/index.php?rest_route=\/wp\/v2\/posts\/74235","targetHints":{"allow":["GET"]}}],"collection":[{"href":"https:\/\/zonaroja.com.mx\/index.php?rest_route=\/wp\/v2\/posts"}],"about":[{"href":"https:\/\/zonaroja.com.mx\/index.php?rest_route=\/wp\/v2\/types\/post"}],"author":[{"embeddable":true,"href":"https:\/\/zonaroja.com.mx\/index.php?rest_route=\/wp\/v2\/users\/2"}],"replies":[{"embeddable":true,"href":"https:\/\/zonaroja.com.mx\/index.php?rest_route=%2Fwp%2Fv2%2Fcomments&post=74235"}],"version-history":[{"count":2,"href":"https:\/\/zonaroja.com.mx\/index.php?rest_route=\/wp\/v2\/posts\/74235\/revisions"}],"predecessor-version":[{"id":74248,"href":"https:\/\/zonaroja.com.mx\/index.php?rest_route=\/wp\/v2\/posts\/74235\/revisions\/74248"}],"wp:featuredmedia":[{"embeddable":true,"href":"https:\/\/zonaroja.com.mx\/index.php?rest_route=\/wp\/v2\/media\/74236"}],"wp:attachment":[{"href":"https:\/\/zonaroja.com.mx\/index.php?rest_route=%2Fwp%2Fv2%2Fmedia&parent=74235"}],"wp:term":[{"taxonomy":"category","embeddable":true,"href":"https:\/\/zonaroja.com.mx\/index.php?rest_route=%2Fwp%2Fv2%2Fcategories&post=74235"},{"taxonomy":"post_tag","embeddable":true,"href":"https:\/\/zonaroja.com.mx\/index.php?rest_route=%2Fwp%2Fv2%2Ftags&post=74235"}],"curies":[{"name":"wp","href":"https:\/\/api.w.org\/{rel}","templated":true}]}}