{"id":74238,"date":"2024-11-07T12:25:00","date_gmt":"2024-11-07T18:25:00","guid":{"rendered":"https:\/\/zonaroja.com.mx\/?p=74238"},"modified":"2024-11-07T07:28:40","modified_gmt":"2024-11-07T13:28:40","slug":"opinion-tres-asuntos-de-oaxaca","status":"publish","type":"post","link":"https:\/\/zonaroja.com.mx\/?p=74238","title":{"rendered":"Opini\u00f3n. Tres\u00a0asuntos\u00a0de Oaxaca"},"content":{"rendered":"\n<p>N\u00e9stor Y. S\u00e1nchez Islas.<\/p>\n\n\n\n<p>La agenda nacional est\u00e1 repleta de informaci\u00f3n, pero la local tambi\u00e9n.&nbsp;Tres asuntos. El primero,&nbsp;las observaciones sobre irregularidades de la cuenta p\u00fablica de Alejandro Murat. El segundo,&nbsp;la defensa del patrimonio cultural y, el tercero,&nbsp;la&nbsp;nociva&nbsp;pol\u00edtica de gobierno de&nbsp;apropiarse de las festividades populares.<\/p>\n\n\n\n<p>En el a\u00f1o 2019, Alejandro Murat, obtuvo la autorizaci\u00f3n del Congreso para endeudar al estado de Oaxaca por hasta 3 mil 500 millones de pesos. La justificaci\u00f3n fue la realizaci\u00f3n de diversas obras, entre&nbsp;de ellas enlist\u00f3&nbsp;varios&nbsp;proyectos estrat\u00e9gicos&nbsp;como&nbsp;el Libramiento Sur de la ciudad de Oaxaca,&nbsp;la modernizaci\u00f3n de&nbsp;la&nbsp;carretera&nbsp;Barranca Larga-Ventanilla, la&nbsp;construcci\u00f3n de&nbsp;rastro TIF&nbsp;de los&nbsp;Valles Centrales en Tlacolula y&nbsp;la&nbsp;construcci\u00f3n de Centro integral de residuos s\u00f3lidos en Villa de Zaachila.<\/p>\n\n\n\n<p>Prometi\u00f3 sacar a los soldados de Ixcotel&nbsp;con un mal llamado Proyecto de Desarrollo Intraurbano del Oriente de la Zona Metropolitana de la ciudad de Oaxaca por 1 mil 300 millones.&nbsp;<\/p>\n\n\n\n<p>De todo lo enlistado nada cumpli\u00f3, excepto recibir los miles de millones y entregar obras a medias&nbsp;y mal hechas, como&nbsp;el Centro Cultural \u00c1lvaro Carrillo, el Centro de Convenciones, el Centro Gastron\u00f3mico,&nbsp;el Centro de Convenciones de Huatulco o la inconclusa carretera hacia el aeropuerto.<\/p>\n\n\n\n<p>El gobierno&nbsp;primaveral&nbsp;acaba de&nbsp;encontrar&nbsp;una serie de irregularidades y&nbsp;el exgobernador&nbsp;debe ser llamado a cuentas&nbsp;para&nbsp;deslindar responsabilidades.<\/p>\n\n\n\n<p>El segundo tema de actualidad es el esc\u00e1ndalo por la aparici\u00f3n de una marca de mezcal denominada \u201cMixes\u201den cuya&nbsp;imagen de comercializaci\u00f3n&nbsp;particip\u00f3 la periodista Paola Rojas. Ahora se sabe que la marca es de una&nbsp;exfuncionaria y exdiputada de nombre&nbsp;Martha Patricia Campos Orozco.<\/p>\n\n\n\n<p>Aqu\u00ed hay dos asuntos trascendentes. El primero es la apropiaci\u00f3n de una denominaci\u00f3n que se convierte en una apropiaci\u00f3n cultural&nbsp;porque usa, de manera particular y con fines comerciales,&nbsp;elementos de una cultura ajena&nbsp;a la que no pertenece ni representa y&nbsp;sin el debido entendimiento, respeto o reconocimiento de su significado o contexto original.&nbsp;Es necesario que por respeto a la comunidad Mixe, la autoridad retire el registro.<\/p>\n\n\n\n<p>Por el otro lado est\u00e1n los talibanes que salieron en defensa del patrimonio&nbsp;cultural&nbsp;cometiendo una apropiaci\u00f3n como la que&nbsp;critican, es decir, dos o tres voces&nbsp;de algunos&nbsp;autodenominados&nbsp;\u201cguardianes\u201d de la cultura,&nbsp;asumieron&nbsp;la representaci\u00f3n de toda una comunidad sin necesariamente tener el consenso de sus miembros.&nbsp;<\/p>\n\n\n\n<p>Salir a realizar acusaciones indiscriminadas&nbsp;sin matizar los contextos es tambi\u00e9n un abuso y linchamiento&nbsp;que llevan a la rigidez cultural y al desaliento de quienes, de buena fe, podr\u00edan ofrecer alg\u00fan apoyo.&nbsp;<\/p>\n\n\n\n<p>La defensa de la cultura no debe someterse a la visi\u00f3n \u00fanica de algunos iluminados ignorando que la cultura tiene una naturaleza din\u00e1mica y detener&nbsp;\u00e9sta tiene como consecuencia una visi\u00f3n r\u00edgida y reduccionista.<\/p>\n\n\n\n<p>El&nbsp;tercer&nbsp;tema&nbsp;tambi\u00e9n es delicado porque se trata&nbsp;de&nbsp;la apropiaci\u00f3n del gobierno de las festividades populares. Ignoran que, cuando las autoridades gubernamentales asumen el control sobre las festividades de la cultura popular, existen varios riesgos asociados a la autenticidad, la autonom\u00eda y la funci\u00f3n social de estas celebraciones.&nbsp;Las pol\u00edticas p\u00fablicas deben ser en&nbsp;apoyo,&nbsp;pero no en la apropiaci\u00f3n.<\/p>\n\n\n\n<p>La intromisi\u00f3n gubernamental politizar\u00e1 las fiestas y les dar\u00e1n&nbsp;un sesgo ideol\u00f3gico que debe mantenerse ajeno&nbsp;a estas tradiciones. Ya se apropiaron de la Guelaguetza.&nbsp;<\/p>\n\n\n\n<p>El gobierno, m\u00e1s bien sus funcionarios, desvirt\u00faan la autenticidad cultural,&nbsp;porque le quitan el car\u00e1cter espont\u00e1neo de la gente que participa y las adaptan m\u00e1s en funci\u00f3n del turista que en las creencias de la gente.&nbsp;Terminan copiando a Hollywood o a Disney para&nbsp;hacerlas&nbsp;atractivas comercialmente.<\/p>\n\n\n\n<p>La intromisi\u00f3n conduce a la p\u00e9rdida de la autonom\u00eda&nbsp;e iniciativa comunitaria.&nbsp;Normalmente&nbsp;suelen ser organizadas de manera aut\u00f3noma por las propias comunidades, quienes deciden aspectos como los rituales, la decoraci\u00f3n, la m\u00fasica y los s\u00edmbolos.&nbsp;<\/p>\n\n\n\n<p>Para evitar estos riesgos, es fundamental que las autoridades adopten un papel de apoyo, respetando la autonom\u00eda y las decisiones de las comunidades&nbsp;y los barrios.<\/p>\n\n\n\n<p>La intromisi\u00f3n del gobierno&nbsp;en la cultura popular le otorga fines pol\u00edticos y es usada como propaganda para ganar popularidad.&nbsp;Desplazan a quienes son poseedores de saberes y tradiciones de muchos a\u00f1os atr\u00e1s&nbsp;y con esta burda y abierta intromisi\u00f3n buscan una dependencia econ\u00f3mica y organizativa como una forma de control social con el fin perverso de convertir a las comunidades en dependientes permanentes de los apoyos externos.<\/p>\n\n\n\n<p>El gobierno debe apoyar, pero no debe entrometerse. Exigimos&nbsp;que respete la autonom\u00eda de quienes organizan esas fiestas a pesar de que no sean sus simpatizantes. La identidad cultural debe permanecer ajena al control y discurso oficial por el bien de Oaxaca.<\/p>\n\n\n\n<p>nestoryuri@yahoo.com<\/p>\n","protected":false},"excerpt":{"rendered":"<p>N\u00e9stor Y. S\u00e1nchez Islas. La agenda nacional est\u00e1 repleta de informaci\u00f3n, pero la local tambi\u00e9n.&nbsp;Tres&hellip;<\/p>\n","protected":false},"author":2,"featured_media":67897,"comment_status":"closed","ping_status":"open","sticky":false,"template":"","format":"standard","meta":{"_lmt_disableupdate":"","_lmt_disable":"","_jetpack_memberships_contains_paid_content":false,"footnotes":""},"categories":[456,109],"tags":[3050],"class_list":["post-74238","post","type-post","status-publish","format-standard","has-post-thumbnail","hentry","category-columna","category-minuto-a-minuto","tag-nestor-yuri-sanchez"],"jetpack_featured_media_url":"https:\/\/zonaroja.com.mx\/wp-content\/uploads\/2024\/05\/Opinion-Nestor-Yuri-Sanchez.jpeg","jetpack_sharing_enabled":true,"_links":{"self":[{"href":"https:\/\/zonaroja.com.mx\/index.php?rest_route=\/wp\/v2\/posts\/74238","targetHints":{"allow":["GET"]}}],"collection":[{"href":"https:\/\/zonaroja.com.mx\/index.php?rest_route=\/wp\/v2\/posts"}],"about":[{"href":"https:\/\/zonaroja.com.mx\/index.php?rest_route=\/wp\/v2\/types\/post"}],"author":[{"embeddable":true,"href":"https:\/\/zonaroja.com.mx\/index.php?rest_route=\/wp\/v2\/users\/2"}],"replies":[{"embeddable":true,"href":"https:\/\/zonaroja.com.mx\/index.php?rest_route=%2Fwp%2Fv2%2Fcomments&post=74238"}],"version-history":[{"count":1,"href":"https:\/\/zonaroja.com.mx\/index.php?rest_route=\/wp\/v2\/posts\/74238\/revisions"}],"predecessor-version":[{"id":74239,"href":"https:\/\/zonaroja.com.mx\/index.php?rest_route=\/wp\/v2\/posts\/74238\/revisions\/74239"}],"wp:featuredmedia":[{"embeddable":true,"href":"https:\/\/zonaroja.com.mx\/index.php?rest_route=\/wp\/v2\/media\/67897"}],"wp:attachment":[{"href":"https:\/\/zonaroja.com.mx\/index.php?rest_route=%2Fwp%2Fv2%2Fmedia&parent=74238"}],"wp:term":[{"taxonomy":"category","embeddable":true,"href":"https:\/\/zonaroja.com.mx\/index.php?rest_route=%2Fwp%2Fv2%2Fcategories&post=74238"},{"taxonomy":"post_tag","embeddable":true,"href":"https:\/\/zonaroja.com.mx\/index.php?rest_route=%2Fwp%2Fv2%2Ftags&post=74238"}],"curies":[{"name":"wp","href":"https:\/\/api.w.org\/{rel}","templated":true}]}}