{"id":74253,"date":"2024-11-07T15:37:31","date_gmt":"2024-11-07T21:37:31","guid":{"rendered":"https:\/\/zonaroja.com.mx\/?p=74253"},"modified":"2024-11-07T15:37:33","modified_gmt":"2024-11-07T21:37:33","slug":"inicia-en-el-congreso-registro-de-diputados-de-la-66-legislatura","status":"publish","type":"post","link":"https:\/\/zonaroja.com.mx\/?p=74253","title":{"rendered":"Inicia en el Congreso registro de diputados de la 66 Legislatura"},"content":{"rendered":"\n<p>Redacci\u00f3n\/Zona Roja.<\/p>\n\n\n\n<p>Oaxaca de Ju\u00e1rez, Oax. 7 de noviembre de 2024.- De conformidad con el art\u00edculo 15 de la Ley Org\u00e1nica del Poder Legislativo de Oaxaca, este jueves inici\u00f3 en el Congreso local el registro de diputadas y diputados electos de la LXVI Legislatura, a instalarse formalmente el 13 de noviembre del presente a\u00f1o.<\/p>\n\n\n\n<p>Ante la Secretar\u00eda de Servicios Parlamentarios hasta las 13:00 horas se han registrado 23 legisladoras y legisladores electos.<\/p>\n\n\n\n<p>Las diputadas registradas son Vanessa Rub\u00ed Ojeda Mej\u00eda, del distrito I; Analy Peral Vivar, del distrito IV; Dulce Bel\u00e9n Uribe Mendoza, del distrito VI; Sandra Daniela Taurino Jim\u00e9nez, del distrito XII; Hayde\u00e9 Reyes Soto, del distrito XIII.<\/p>\n\n\n\n<p>Dennis Garc\u00eda Guti\u00e9rrez, del distrito XVIII; Mar\u00eda Francisca Antonio Santiago, del distrito XIX; Karla Clarissa Bornios Pel\u00e1ez, del distrito XXII; Tania L\u00f3pez L\u00f3pez, Dulce Alejandra Garc\u00eda Morl\u00e1n, Kelly Jannet Cabrera Gonz\u00e1lez, Elisa Zepeda Lagunas y Concepci\u00f3n Rueda G\u00f3mez, por la v\u00eda plurinominal.<\/p>\n\n\n\n<p>En tanto, los diputados registrados son Benjam\u00edn Viveros Montalvo; Francisco Javier Ni\u00f1o Hern\u00e1ndez, por el distrito II; Isidro Ortega Silva, por el distrito III; Nicol\u00e1s Enrique Feria Romero, por el distrito VII; Oliver L\u00f3pez Garc\u00eda, por el distrito XI.<\/p>\n\n\n\n<p>C\u00e9sar David Mateos Ben\u00edtez, por el distrito XV; Juan Marcelino S\u00e1nchez Valdivieso, por el distrito XX; Ad\u00e1n Jos\u00e9 Maciel Sosa, Sergio L\u00f3pez S\u00e1nchez y Zeferino Garc\u00eda Jer\u00f3nimo, por la v\u00eda plurinominal, este \u00faltimo de la diputaci\u00f3n migrante, que por primera vez tendr\u00e1 el Congreso de Oaxaca esta representaci\u00f3n.&nbsp;<\/p>\n\n\n\n<p>El registro continuar\u00e1 hasta las 17:00 horas de este 7 de noviembre, y reanudar\u00e1 a las 9:00 horas del viernes 8.<\/p>\n\n\n\n<p>Este proceso es indispensable, previo a la instalaci\u00f3n formal de la LXVI Legislatura del Congreso de Oaxaca, la cual ser\u00e1 en sesi\u00f3n solemne del 13 de noviembre a las 10:00 horas, en el recinto legislativo.<\/p>\n","protected":false},"excerpt":{"rendered":"<p>Redacci\u00f3n\/Zona Roja. Oaxaca de Ju\u00e1rez, Oax. 7 de noviembre de 2024.- De conformidad con el&hellip;<\/p>\n","protected":false},"author":2,"featured_media":74254,"comment_status":"closed","ping_status":"open","sticky":false,"template":"","format":"standard","meta":{"_lmt_disableupdate":"","_lmt_disable":"","_jetpack_memberships_contains_paid_content":false,"footnotes":""},"categories":[109,46],"tags":[303],"class_list":["post-74253","post","type-post","status-publish","format-standard","has-post-thumbnail","hentry","category-minuto-a-minuto","category-zona-blanca","tag-congreso-del-estado-de-oaxaca"],"jetpack_featured_media_url":"https:\/\/zonaroja.com.mx\/wp-content\/uploads\/2024\/11\/Inicia-registro-de-diputadas-y-diputados-electos-de-la-LXVI-Legislatura-local.jpeg","jetpack_sharing_enabled":true,"_links":{"self":[{"href":"https:\/\/zonaroja.com.mx\/index.php?rest_route=\/wp\/v2\/posts\/74253","targetHints":{"allow":["GET"]}}],"collection":[{"href":"https:\/\/zonaroja.com.mx\/index.php?rest_route=\/wp\/v2\/posts"}],"about":[{"href":"https:\/\/zonaroja.com.mx\/index.php?rest_route=\/wp\/v2\/types\/post"}],"author":[{"embeddable":true,"href":"https:\/\/zonaroja.com.mx\/index.php?rest_route=\/wp\/v2\/users\/2"}],"replies":[{"embeddable":true,"href":"https:\/\/zonaroja.com.mx\/index.php?rest_route=%2Fwp%2Fv2%2Fcomments&post=74253"}],"version-history":[{"count":1,"href":"https:\/\/zonaroja.com.mx\/index.php?rest_route=\/wp\/v2\/posts\/74253\/revisions"}],"predecessor-version":[{"id":74255,"href":"https:\/\/zonaroja.com.mx\/index.php?rest_route=\/wp\/v2\/posts\/74253\/revisions\/74255"}],"wp:featuredmedia":[{"embeddable":true,"href":"https:\/\/zonaroja.com.mx\/index.php?rest_route=\/wp\/v2\/media\/74254"}],"wp:attachment":[{"href":"https:\/\/zonaroja.com.mx\/index.php?rest_route=%2Fwp%2Fv2%2Fmedia&parent=74253"}],"wp:term":[{"taxonomy":"category","embeddable":true,"href":"https:\/\/zonaroja.com.mx\/index.php?rest_route=%2Fwp%2Fv2%2Fcategories&post=74253"},{"taxonomy":"post_tag","embeddable":true,"href":"https:\/\/zonaroja.com.mx\/index.php?rest_route=%2Fwp%2Fv2%2Ftags&post=74253"}],"curies":[{"name":"wp","href":"https:\/\/api.w.org\/{rel}","templated":true}]}}