{"id":74259,"date":"2024-11-07T22:33:56","date_gmt":"2024-11-08T04:33:56","guid":{"rendered":"https:\/\/zonaroja.com.mx\/?p=74259"},"modified":"2024-11-07T22:33:57","modified_gmt":"2024-11-08T04:33:57","slug":"ataque-armado-en-la-ciudad-de-oaxaca-deja-cuatro-personas-asesinadas","status":"publish","type":"post","link":"https:\/\/zonaroja.com.mx\/?p=74259","title":{"rendered":"Ataque armado en la ciudad de Oaxaca deja cuatro personas asesinadas"},"content":{"rendered":"\n<p>Ismael Garc\u00eda M.\/Zona Roja.<\/p>\n\n\n\n<p>Oaxaca de Ju\u00e1rez, Oax., a 7 de noviembre de 2024.- Un ataque armado en la ciudad de Oaxaca, que presuntamente iba dirigido en contra del dirigente de transportistas Marcos S\u00e1nchez, dej\u00f3 un saldo preliminar de cuatro personas asesinadas y una m\u00e1s lesionada.<\/p>\n\n\n\n<p>De acuerdo con los primeros informes policiacos, fue alrededor de las 21:00 horas en que se registr\u00f3 la balacera, con m\u00e1s de 50 detonaciones de armas de grueso calibre, en el interior y exterior del restaurante \u201cChe Gaucho\u201d, ubicado en la esquina de Las Rosas y \u00c1lamos, colonia Reforma.<\/p>\n\n\n\n<p>Un grupo de sicarios presuntamente iban a matar a Marcos S\u00e1nchez, quien cenaba en dicho lugar; hasta el momento no se ha confirmado si se encuentra entre los fallecidos.<\/p>\n\n\n\n<p>Un lesionado de gravedad fue trasladado a un hospital de la capital oaxaque\u00f1a y de \u00faltima hora se inform\u00f3 que ya hab\u00eda perdido la vida, lo cual no ha sido confirmado por las autoridades.<\/p>\n\n\n\n<p>Personal de la Fiscal\u00eda General del Estado de Oaxaca se encuentra en la zona recabando los indicios y se espera que emita un comunicado para precisar el n\u00famero de personas fallecidas y lesionadas.<\/p>\n","protected":false},"excerpt":{"rendered":"<p>Ismael Garc\u00eda M.\/Zona Roja. Oaxaca de Ju\u00e1rez, Oax., a 7 de noviembre de 2024.- Un&hellip;<\/p>\n","protected":false},"author":2,"featured_media":74263,"comment_status":"closed","ping_status":"open","sticky":false,"template":"","format":"standard","meta":{"_lmt_disableupdate":"","_lmt_disable":"","_jetpack_memberships_contains_paid_content":false,"footnotes":""},"categories":[109,47],"tags":[148],"class_list":["post-74259","post","type-post","status-publish","format-standard","has-post-thumbnail","hentry","category-minuto-a-minuto","category-zona-gris","tag-oaxaca-de-juarez"],"jetpack_featured_media_url":"https:\/\/zonaroja.com.mx\/wp-content\/uploads\/2024\/11\/Ejecutados-colonia-Reforma-de-la-ciudad-de-Oaxaca.jpg","jetpack_sharing_enabled":true,"_links":{"self":[{"href":"https:\/\/zonaroja.com.mx\/index.php?rest_route=\/wp\/v2\/posts\/74259","targetHints":{"allow":["GET"]}}],"collection":[{"href":"https:\/\/zonaroja.com.mx\/index.php?rest_route=\/wp\/v2\/posts"}],"about":[{"href":"https:\/\/zonaroja.com.mx\/index.php?rest_route=\/wp\/v2\/types\/post"}],"author":[{"embeddable":true,"href":"https:\/\/zonaroja.com.mx\/index.php?rest_route=\/wp\/v2\/users\/2"}],"replies":[{"embeddable":true,"href":"https:\/\/zonaroja.com.mx\/index.php?rest_route=%2Fwp%2Fv2%2Fcomments&post=74259"}],"version-history":[{"count":1,"href":"https:\/\/zonaroja.com.mx\/index.php?rest_route=\/wp\/v2\/posts\/74259\/revisions"}],"predecessor-version":[{"id":74264,"href":"https:\/\/zonaroja.com.mx\/index.php?rest_route=\/wp\/v2\/posts\/74259\/revisions\/74264"}],"wp:featuredmedia":[{"embeddable":true,"href":"https:\/\/zonaroja.com.mx\/index.php?rest_route=\/wp\/v2\/media\/74263"}],"wp:attachment":[{"href":"https:\/\/zonaroja.com.mx\/index.php?rest_route=%2Fwp%2Fv2%2Fmedia&parent=74259"}],"wp:term":[{"taxonomy":"category","embeddable":true,"href":"https:\/\/zonaroja.com.mx\/index.php?rest_route=%2Fwp%2Fv2%2Fcategories&post=74259"},{"taxonomy":"post_tag","embeddable":true,"href":"https:\/\/zonaroja.com.mx\/index.php?rest_route=%2Fwp%2Fv2%2Ftags&post=74259"}],"curies":[{"name":"wp","href":"https:\/\/api.w.org\/{rel}","templated":true}]}}