{"id":74261,"date":"2024-11-07T20:56:20","date_gmt":"2024-11-08T02:56:20","guid":{"rendered":"https:\/\/zonaroja.com.mx\/?p=74261"},"modified":"2024-11-07T20:56:20","modified_gmt":"2024-11-08T02:56:20","slug":"comision-nacional-de-mejora-regulatoria-reconoce-al-ayuntamiento-de-oaxaca","status":"publish","type":"post","link":"https:\/\/zonaroja.com.mx\/?p=74261","title":{"rendered":"Comisi\u00f3n Nacional de Mejora Regulatoria reconoce al ayuntamiento de Oaxaca"},"content":{"rendered":"\n<p>Redacci\u00f3n\/Zona Roja. <\/p>\n\n\n\n<p class=\"s3\">Oaxaca de Ju\u00e1rez, Oax., 07 de noviembre de 2024. &#8211; En un esfuerzo continuo por mejorar la eficiencia administrativa y promover la transparencia, el Ayuntamiento de Oaxaca de Ju\u00e1rez que encabeza Francisco Mart\u00ednez Neri ha logrado destacar a nivel nacional por sus pr\u00e1cticas en materia de mejora regulatoria.<\/p>\n\n\n\n<p class=\"s3\">La Comisi\u00f3n Nacional de Mejora Regulatoria (Conamer) otorg\u00f3 un reconocimiento al municipio por la inscripci\u00f3n y publicaci\u00f3n de sus tr\u00e1mites y servicios mediante el esquema de interoperabilidad en la Plataforma del Cat\u00e1logo Nacional de Regulaciones, Tr\u00e1mites y Servicios (CNARTyS).<\/p>\n\n\n\n<p class=\"s3\">Esto posiciona al Ayuntamiento de Oaxaca de Ju\u00e1rez como el primer municipio a nivel nacional en implementar satisfactoriamente este esquema de interoperabilidad, evidenciando la voluntad de la administraci\u00f3n municipal en reducir los tiempos de atenci\u00f3n a la ciudadan\u00eda.&nbsp;<\/p>\n\n\n\n<p class=\"s3\">La interoperabilidad es una de las herramientas clave en el cat\u00e1logo de CNARTyS de la Conamet, y se refiere al intercambio de informaci\u00f3n y de datos autom\u00e1ticamente, lo que facilita la comunicaci\u00f3n y el intercambio de conocimiento entre diferentes sistemas.<\/p>\n\n\n\n<p class=\"s3\">Con esta implementaci\u00f3n, los sistemas del Municipio y los de CNARTyS pueden ahora integrarse, ofreciendo una experiencia m\u00e1s \u00e1gil y accesible para las y los habitantes de Oaxaca de Ju\u00e1rez.<\/p>\n\n\n\n<p class=\"s3\">Asimismo, el Registro Municipal de Tr\u00e1mites y Servicios en Oaxaca de Ju\u00e1rez permite a la ciudadan\u00eda acceder a informaci\u00f3n detallada sobre los servicios p\u00fablicos, tales como:<\/p>\n\n\n\n<p class=\"s3\">\u200b\u2022\u200b280 fichas informativas sobre tr\u00e1mites y servicios.<\/p>\n\n\n\n<p class=\"s3\">\u200b\u2022\u200bDatos actualizados de 19 dependencias municipales.<\/p>\n\n\n\n<p class=\"s3\">\u2022Informaci\u00f3n precisa de requisitos, procedimientos y tiempos de respuesta.<\/p>\n\n\n\n<p class=\"s3\">Gracias a la versi\u00f3n 3.0 del Micrositio de Mejora Regulatoria, desarrollada por la Secretar\u00eda T\u00e9cnica en conjunto con la Direcci\u00f3n de Sistemas de Informaci\u00f3n, esta informaci\u00f3n es ahora actualizada y publicada simult\u00e1neamente tanto a nivel municipal como nacional.<\/p>\n\n\n\n<p class=\"s3\">Cabe destacar que en noviembre de 2023, el Ayuntamiento de Oaxaca de Ju\u00e1rez recibi\u00f3 el Programa de Reconocimiento y Operaci\u00f3n (PROSARE), que eval\u00faa la operaci\u00f3n de los m\u00f3dulos de apertura r\u00e1pida de empresas a nivel municipal, avance que sent\u00f3 las bases para el reciente reconocimiento en interoperabilidad, consolidando al municipio como un referente nacional en mejora regulatoria.<\/p>\n\n\n\n<p class=\"s3\">Dicho reconocimiento fue entregado a Mart\u00ednez Neri por Helio Cuauht\u00e9moc Jacobo Ram\u00edrez, Coordinador Ejecutivo de CONAMER, y Milton Antonio Guerrero Hern\u00e1ndez, Coordinador de Estados y Municipios.<\/p>\n\n\n\n<p class=\"s3\">\u201cEl reconocimiento que recibimos nos impulsa a seguir mejorando y actualiz\u00e1ndonos, adem\u00e1s de recordarnos que nuestra labor no termina aqu\u00ed. El verdadero \u00e9xito de esta iniciativa se reflejar\u00e1 cuando las y los ciudadanos experimenten un servicio m\u00e1s \u00e1gil y eficiente a la hora de realizar sus tr\u00e1mites. As\u00ed nos posicionamos como un municipio a la vanguardia en materia de mejora regulatoria a nivel nacional\u201d, finaliz\u00f3 el edil capitalino.<\/p>\n","protected":false},"excerpt":{"rendered":"<p>Redacci\u00f3n\/Zona Roja. Oaxaca de Ju\u00e1rez, Oax., 07 de noviembre de 2024. &#8211; En un esfuerzo&hellip;<\/p>\n","protected":false},"author":2,"featured_media":74260,"comment_status":"closed","ping_status":"open","sticky":false,"template":"","format":"standard","meta":{"_lmt_disableupdate":"","_lmt_disable":"","_jetpack_memberships_contains_paid_content":false,"footnotes":""},"categories":[109,46],"tags":[],"class_list":["post-74261","post","type-post","status-publish","format-standard","has-post-thumbnail","hentry","category-minuto-a-minuto","category-zona-blanca"],"jetpack_featured_media_url":"https:\/\/zonaroja.com.mx\/wp-content\/uploads\/2024\/11\/ftoblt07nov-2-1.jpg","jetpack_sharing_enabled":true,"_links":{"self":[{"href":"https:\/\/zonaroja.com.mx\/index.php?rest_route=\/wp\/v2\/posts\/74261","targetHints":{"allow":["GET"]}}],"collection":[{"href":"https:\/\/zonaroja.com.mx\/index.php?rest_route=\/wp\/v2\/posts"}],"about":[{"href":"https:\/\/zonaroja.com.mx\/index.php?rest_route=\/wp\/v2\/types\/post"}],"author":[{"embeddable":true,"href":"https:\/\/zonaroja.com.mx\/index.php?rest_route=\/wp\/v2\/users\/2"}],"replies":[{"embeddable":true,"href":"https:\/\/zonaroja.com.mx\/index.php?rest_route=%2Fwp%2Fv2%2Fcomments&post=74261"}],"version-history":[{"count":1,"href":"https:\/\/zonaroja.com.mx\/index.php?rest_route=\/wp\/v2\/posts\/74261\/revisions"}],"predecessor-version":[{"id":74262,"href":"https:\/\/zonaroja.com.mx\/index.php?rest_route=\/wp\/v2\/posts\/74261\/revisions\/74262"}],"wp:featuredmedia":[{"embeddable":true,"href":"https:\/\/zonaroja.com.mx\/index.php?rest_route=\/wp\/v2\/media\/74260"}],"wp:attachment":[{"href":"https:\/\/zonaroja.com.mx\/index.php?rest_route=%2Fwp%2Fv2%2Fmedia&parent=74261"}],"wp:term":[{"taxonomy":"category","embeddable":true,"href":"https:\/\/zonaroja.com.mx\/index.php?rest_route=%2Fwp%2Fv2%2Fcategories&post=74261"},{"taxonomy":"post_tag","embeddable":true,"href":"https:\/\/zonaroja.com.mx\/index.php?rest_route=%2Fwp%2Fv2%2Ftags&post=74261"}],"curies":[{"name":"wp","href":"https:\/\/api.w.org\/{rel}","templated":true}]}}