{"id":74265,"date":"2024-11-08T07:14:38","date_gmt":"2024-11-08T13:14:38","guid":{"rendered":"https:\/\/zonaroja.com.mx\/?p=74265"},"modified":"2024-11-08T07:14:40","modified_gmt":"2024-11-08T13:14:40","slug":"asciende-a-seis-el-numero-de-personas-asesinadas-en-la-ciudad-de-oaxaca","status":"publish","type":"post","link":"https:\/\/zonaroja.com.mx\/?p=74265","title":{"rendered":"Asciende a seis el n\u00famero de personas asesinadas en la ciudad de Oaxaca"},"content":{"rendered":"\n<p>Raymundo Morales\/Zona Roja.<\/p>\n\n\n\n<p>Oaxaca de Ju\u00e1rez, Oax., a 8 de noviembre de 2024.- A seis ascendi\u00f3 el n\u00famero de personas fallecidas por el ataque armado suscitado anoche en la colonia Reforma de la ciudad de Oaxaca, en que pretend\u00edan ejecutar a Marcos S\u00e1nchez, dirigente de transportistas.<\/p>\n\n\n\n<p>El m\u00e1s reciente deceso ocurri\u00f3 en un hospital y es la persona que resulto lesionada en la balacera ocurrida alrededor de las 21:00 horas, donde hubo cinco asesinados, seg\u00fan confirm\u00f3 la Fiscal\u00eda General del Estado.<\/p>\n\n\n\n<p>\u201cEn relaci\u00f3n con los hechos acontecidos en la colonia Reforma, he instruido a la Secretar\u00eda de Seguridad Ciudadana a reforzar la vigilancia y a coadyuvar con las investigaciones que ya realiza la Fiscal\u00eda General del Estado. No habr\u00e1 impunidad y no permitiremos que la violencia atente contra la tranquilidad de las y los oaxaque\u00f1os\u201d, destac\u00f3 el gobernador Salom\u00f3n Jara Cruz en sus redes sociales.<\/p>\n\n\n\n<p>En tanto, durante un operativo efectuado la madrugada de hoy, luego del ataque armado en el interior y exterior del restaurante \u201cChe Gaucho\u201d, fue localizado un veh\u00edculo abandonado, que presuntamente utilizaron los sicarios.<\/p>\n\n\n\n<p>Se trata de un auto marca K\u00eda, color negro, con varios impactos de arma de fuego y en su interior casquillos y un cargados; estaba en los l\u00edmites de la colonia Reforma con el Infonavit Primera Etapa.<\/p>\n\n\n\n<p>En un comunicado, la Fiscal\u00eda General del Estado de Oaxaca (FGEO) dio a conocer que inici\u00f3 las investigaciones ministeriales y las labores ministeriales correspondientes a partir de una agresi\u00f3n con disparos de arma de fuego que sucedi\u00f3 la noche de este jueves, en el norte de la capital, la cual dej\u00f3 un saldo de cinco personas fallecidas y una m\u00e1s lesionada, todas ellas del sexo masculino.<\/p>\n\n\n\n<p>\u201cLuego de recibir el reporte de los hechos, se activaron los protocolos de investigaci\u00f3n pertinentes, a cargo de la Fiscal\u00eda Especializada para la Atenci\u00f3n a Delitos de Alto Impacto, personal especializado en diferentes materias se traslad\u00f3 a la calle de las Rosas, frente a un restaurante ubicado en la colonia Reforma, de la ciudad de Oaxaca de Ju\u00e1rez.<\/p>\n\n\n\n<p>\u201cEn el lugar se realiz\u00f3 el levantamiento de los cuerpos sin vida de cinco personas del sexo masculino, de las cuales, hasta el momento solo est\u00e1 identificada una de las v\u00edctimas, con iniciales A. S. J. D. Adem\u00e1s se confirm\u00f3 que hay una persona lesionada, identificada como A. M. P., quien qued\u00f3 internado en un hospital de la ciudad para recibir atenci\u00f3n m\u00e9dica.<\/p>\n\n\n\n<p>\u201cEn tanto que, en el lugar de los hechos se efectuaron los primeros actos de investigaci\u00f3n con el objetivo recabar los datos de prueba que permitan delinear de manera s\u00f3lida las l\u00edneas de investigaci\u00f3n en torno al caso.<\/p>\n\n\n\n<p>\u201cLa Fiscal\u00eda de Oaxaca se ci\u00f1e a protocolos de investigaci\u00f3n criminal que cumplen con los est\u00e1ndares internacionales de procuraci\u00f3n de justicia para que las v\u00edctimas directas e indirectas tengan pleno acceso a la justicia\u201d, destac\u00f3.<\/p>\n","protected":false},"excerpt":{"rendered":"<p>Raymundo Morales\/Zona Roja. Oaxaca de Ju\u00e1rez, Oax., a 8 de noviembre de 2024.- A seis&hellip;<\/p>\n","protected":false},"author":2,"featured_media":74266,"comment_status":"closed","ping_status":"open","sticky":false,"template":"","format":"standard","meta":{"_lmt_disableupdate":"","_lmt_disable":"","_jetpack_memberships_contains_paid_content":false,"footnotes":""},"categories":[109,51],"tags":[148],"class_list":["post-74265","post","type-post","status-publish","format-standard","has-post-thumbnail","hentry","category-minuto-a-minuto","category-zona-roja","tag-oaxaca-de-juarez"],"jetpack_featured_media_url":"https:\/\/zonaroja.com.mx\/wp-content\/uploads\/2024\/11\/Asesinados-colonia-Reforma-ciudad-de-Oaxaca.jpg","jetpack_sharing_enabled":true,"_links":{"self":[{"href":"https:\/\/zonaroja.com.mx\/index.php?rest_route=\/wp\/v2\/posts\/74265","targetHints":{"allow":["GET"]}}],"collection":[{"href":"https:\/\/zonaroja.com.mx\/index.php?rest_route=\/wp\/v2\/posts"}],"about":[{"href":"https:\/\/zonaroja.com.mx\/index.php?rest_route=\/wp\/v2\/types\/post"}],"author":[{"embeddable":true,"href":"https:\/\/zonaroja.com.mx\/index.php?rest_route=\/wp\/v2\/users\/2"}],"replies":[{"embeddable":true,"href":"https:\/\/zonaroja.com.mx\/index.php?rest_route=%2Fwp%2Fv2%2Fcomments&post=74265"}],"version-history":[{"count":1,"href":"https:\/\/zonaroja.com.mx\/index.php?rest_route=\/wp\/v2\/posts\/74265\/revisions"}],"predecessor-version":[{"id":74267,"href":"https:\/\/zonaroja.com.mx\/index.php?rest_route=\/wp\/v2\/posts\/74265\/revisions\/74267"}],"wp:featuredmedia":[{"embeddable":true,"href":"https:\/\/zonaroja.com.mx\/index.php?rest_route=\/wp\/v2\/media\/74266"}],"wp:attachment":[{"href":"https:\/\/zonaroja.com.mx\/index.php?rest_route=%2Fwp%2Fv2%2Fmedia&parent=74265"}],"wp:term":[{"taxonomy":"category","embeddable":true,"href":"https:\/\/zonaroja.com.mx\/index.php?rest_route=%2Fwp%2Fv2%2Fcategories&post=74265"},{"taxonomy":"post_tag","embeddable":true,"href":"https:\/\/zonaroja.com.mx\/index.php?rest_route=%2Fwp%2Fv2%2Ftags&post=74265"}],"curies":[{"name":"wp","href":"https:\/\/api.w.org\/{rel}","templated":true}]}}