{"id":74276,"date":"2024-11-08T10:19:00","date_gmt":"2024-11-08T16:19:00","guid":{"rendered":"https:\/\/zonaroja.com.mx\/?p=74276"},"modified":"2024-11-08T12:56:09","modified_gmt":"2024-11-08T18:56:09","slug":"hay-coordinacion-en-seguridad-con-el-gobierno-estatal-martinez-neri","status":"publish","type":"post","link":"https:\/\/zonaroja.com.mx\/?p=74276","title":{"rendered":"Hay coordinaci\u00f3n en seguridad con el gobierno estatal: Mart\u00ednez Neri"},"content":{"rendered":"\n<p>Ismael Garc\u00eda M.\/Zona Roja.<\/p>\n\n\n\n<p>Oaxaca de Ju\u00e1rez, Oax., a 8 de noviembre de 2024.- No obstante los delitos de alto impacto recientes, la ciudad de Oaxaca no registra situaciones de violencia como otras entidades del pa\u00eds, consider\u00f3 el presidente municipal de Oaxaca de Ju\u00e1rez, Francisco Mart\u00ednez Neri. <\/p>\n\n\n\n<p>\u201cHay situaciones dif\u00edciles de prever pero que no ubican a Oaxaca como una zona de grave riesgo, ayer me entero que en Guerrero hubo varias asesinados.<\/p>\n\n\n\n<p>\u201cNo estamos en las mismas circunstancias, pero eso no implica que estemos serenos ni contentos, m\u00e1s bien entrarle en el asunto de las causas y tratar de resolveros desde ah\u00ed\u201d, dijo.<\/p>\n\n\n\n<p>Entrevistado al t\u00e9rmino de la sesi\u00f3n de Cabildo de ayer jueves, el edil lament\u00f3 los hechos sucedidos entre la media noche del martes y madrugada del mi\u00e9rcoles con el asesinato de dos mujeres de la etnia triqui, en el centro de la capital.<\/p>\n\n\n\n<p>\u201cHay cosas que por desgracia ocurren, en contextos que hay que analizar con mucha profundidad el acontecimiento.&nbsp;<\/p>\n\n\n\n<p>\u201cHechos que tienen que ver mucho con alg\u00fan desorden en el comportamiento humano, el de ayer ( caso de las triquis), la zona es de mucho conflicto y hemos visto que personas que vienen de otra parte cometen il\u00edcitos entonces son situaciones que no podemos contener\u201d, sostuvo.<\/p>\n\n\n\n<p>Consider\u00f3 que el municipio de Oaxaca de Ju\u00e1rez tiene un d\u00e9ficit de al menos 500 polic\u00edas, pero se requiere un mayor presupuesto para contratarlos, lo cual deber\u00e1n prever las pr\u00f3ximas autoridades.<\/p>\n\n\n\n<p>Respecto a los se\u00f1alamientos de que no hay coordinaci\u00f3n en materia de seguridad con el Gobierno del Estado de Oaxaca, Mart\u00ednez Neri dijo que s\u00ed la existe en diversos rubros.<\/p>\n\n\n\n<p>\u201cPara nosotros siempre ha habido es disposici\u00f3n de contribuir y la orden al comisario (de seguridad) para que se coordine, me extra\u00f1\u00f3 mucho eso y es un asunto que se tiene que atender.<\/p>\n\n\n\n<p>\u201cEn muchas acciones estamos muy coordinados y tenemos que ver en qu\u00e9 cuestiones particulares hay inquietud\u201d.<\/p>\n\n\n\n<p>\u2014\u00bfQu\u00e9 es lo que ha pasado, por qu\u00e9 no hay esa coordinaci\u00f3n?<\/p>\n\n\n\n<p>\u2014S\u00ed se da, pero tenemos que fortalecerlas, tenemos que tener las mejores maneras que se d\u00e9 m\u00e1s y que haya acompa\u00f1amiento; tenemos que ver con mayor profundidad en qu\u00e9 \u00e1reas.<\/p>\n","protected":false},"excerpt":{"rendered":"<p>Ismael Garc\u00eda M.\/Zona Roja. Oaxaca de Ju\u00e1rez, Oax., a 8 de noviembre de 2024.- No&hellip;<\/p>\n","protected":false},"author":2,"featured_media":74277,"comment_status":"closed","ping_status":"open","sticky":false,"template":"","format":"standard","meta":{"_lmt_disableupdate":"","_lmt_disable":"","_jetpack_memberships_contains_paid_content":false,"footnotes":""},"categories":[109,46],"tags":[2418],"class_list":["post-74276","post","type-post","status-publish","format-standard","has-post-thumbnail","hentry","category-minuto-a-minuto","category-zona-blanca","tag-francisco-martinez-neri"],"jetpack_featured_media_url":"https:\/\/zonaroja.com.mx\/wp-content\/uploads\/2024\/11\/Francisco-Martinez-Neri.jpg","jetpack_sharing_enabled":true,"_links":{"self":[{"href":"https:\/\/zonaroja.com.mx\/index.php?rest_route=\/wp\/v2\/posts\/74276","targetHints":{"allow":["GET"]}}],"collection":[{"href":"https:\/\/zonaroja.com.mx\/index.php?rest_route=\/wp\/v2\/posts"}],"about":[{"href":"https:\/\/zonaroja.com.mx\/index.php?rest_route=\/wp\/v2\/types\/post"}],"author":[{"embeddable":true,"href":"https:\/\/zonaroja.com.mx\/index.php?rest_route=\/wp\/v2\/users\/2"}],"replies":[{"embeddable":true,"href":"https:\/\/zonaroja.com.mx\/index.php?rest_route=%2Fwp%2Fv2%2Fcomments&post=74276"}],"version-history":[{"count":2,"href":"https:\/\/zonaroja.com.mx\/index.php?rest_route=\/wp\/v2\/posts\/74276\/revisions"}],"predecessor-version":[{"id":74286,"href":"https:\/\/zonaroja.com.mx\/index.php?rest_route=\/wp\/v2\/posts\/74276\/revisions\/74286"}],"wp:featuredmedia":[{"embeddable":true,"href":"https:\/\/zonaroja.com.mx\/index.php?rest_route=\/wp\/v2\/media\/74277"}],"wp:attachment":[{"href":"https:\/\/zonaroja.com.mx\/index.php?rest_route=%2Fwp%2Fv2%2Fmedia&parent=74276"}],"wp:term":[{"taxonomy":"category","embeddable":true,"href":"https:\/\/zonaroja.com.mx\/index.php?rest_route=%2Fwp%2Fv2%2Fcategories&post=74276"},{"taxonomy":"post_tag","embeddable":true,"href":"https:\/\/zonaroja.com.mx\/index.php?rest_route=%2Fwp%2Fv2%2Ftags&post=74276"}],"curies":[{"name":"wp","href":"https:\/\/api.w.org\/{rel}","templated":true}]}}