{"id":7428,"date":"2020-01-08T09:33:30","date_gmt":"2020-01-08T15:33:30","guid":{"rendered":"http:\/\/www.zonaroja.com.mx\/?p=7428"},"modified":"2020-01-08T09:33:33","modified_gmt":"2020-01-08T15:33:33","slug":"violencia-deja-pueblos-fantasma-en-zona-triqui-de-oaxaca","status":"publish","type":"post","link":"https:\/\/zonaroja.com.mx\/?p=7428","title":{"rendered":"Violencia deja pueblos \u201cfantasma\u201d en zona triqui de Oaxaca"},"content":{"rendered":"\n<p>Redacci\u00f3n Zona Roja Cdmx. Foto: zonaroja.com.mx<\/p>\n\n\n\n<p>Ciudad\nde M\u00e9xico, 8 de enero de 2020.- Los desplazados de la etnia triqui de Oaxaca se\ncuentan por cientos y hasta por miles, aseguran. <\/p>\n\n\n\n<p>La\npobreza, marginaci\u00f3n, as\u00ed como la violencia arraigada, los grupos paramilitares\ny tambi\u00e9n la incursi\u00f3n del Ej\u00e9rcito Mexicano, por la presunta siembra de\nenervantes, han provocado que dos de las 33 comunidades que componen la regi\u00f3n\nhayan sido abandonadas por sus habitantes.<\/p>\n\n\n\n<p>Los\ntechos avejentados por el sol, son parte del panorama de desolaci\u00f3n de las\ncomunidades de R\u00edo Tej\u00f3n y Cruz Chiquita, del municipio de Santiago\nJuxtlahuaca, en la regi\u00f3n de la Mixteca, donde s\u00f3lo se observan calles y\nviviendas vac\u00edas.<\/p>\n\n\n\n<p>Datos\ndel Inegi se\u00f1alan que la poblaci\u00f3n de este municipio era de 36 mil 275, en\n2015.<\/p>\n\n\n\n<p>Hasta\nhace siete d\u00e9cadas R\u00edo Tej\u00f3n (Ra Chitaj a, en lengua triqui) fue una tierra\nf\u00e9rtil y productora de ma\u00edz. Sin embargo, en los a\u00f1os 50, la comunidad fue\nasediada por polic\u00edas, militares y paramilitares, por lo que sus habitantes\nfueron masacrados, perseguidos, desaparecidos y encarcelados, de acuerdo con el\nMovimiento Unificador de Lucha Triqui (MULT).<\/p>\n\n\n\n<p>Aunque\nno hay registros oficiales de la cifra de desplazados, se calculan al menos\nunas dos mil personas en R\u00edo Tej\u00f3n. \u201cSus habitantes originales, por temor, no\nhan querido regresar a ella, considerada como una comunidad fantasma\u201d, reitera\nla organizaci\u00f3n.<\/p>\n\n\n\n<p>Para\nEmelia Bautista Ru\u00edz, familiar de las locutoras comunitarias Teresa Bautista\nMerino y Felicitas Mart\u00ednez S\u00e1nchez, asesinadas por un grupo armado en 2008, la\nllegada del Ej\u00e9rcito a la zona, por la presunta siembra de enervantes, ha\ngenerado que tambi\u00e9n la poblaci\u00f3n de Cruz de Chiquita (Ru secunii a), se haya\nconvertido en un pueblo fantasma ante el desplazamiento de m\u00e1s de tres mil\nhabitantes.<\/p>\n\n\n\n<p>Emelia\nlamenta que la violencia arraigada en esta zona por el control del poder\npol\u00edtico, territorial y econ\u00f3mico haya arrojado a m\u00e1s de cinco mil pobladores.\nSeg\u00fan cifras del gobierno estatal, 750 personas han dejado sus hogares y\ncuentan con medidas cautelares por la violaci\u00f3n de sus derechos humanos.<\/p>\n\n\n\n<p>Los\ndesplazamientos se han registrado desde 2006 en otras localidades como Paraje\nP\u00e9rez, Agua Fr\u00eda, Yosoyusi, debido a grupos con intereses pol\u00edticos. \u201cQueremos\nque no se siga militarizando, que se firme un acuerdo de paz\u201d, indic\u00f3 Rufino\nMerino, l\u00edder del MULT.<\/p>\n\n\n\n<p>(Informaci\u00f3n\nde \u201cEl Heraldo de M\u00e9xico\u201d)<\/p>\n","protected":false},"excerpt":{"rendered":"<p>Redacci\u00f3n Zona Roja Cdmx. Foto: zonaroja.com.mx Ciudad de M\u00e9xico, 8 de enero de 2020.- Los&hellip;<\/p>\n","protected":false},"author":2,"featured_media":7429,"comment_status":"closed","ping_status":"open","sticky":false,"template":"","format":"standard","meta":{"_lmt_disableupdate":"","_lmt_disable":"","_jetpack_memberships_contains_paid_content":false,"footnotes":""},"categories":[109,47],"tags":[1253],"class_list":["post-7428","post","type-post","status-publish","format-standard","has-post-thumbnail","hentry","category-minuto-a-minuto","category-zona-gris","tag-indigenas-triquis"],"jetpack_featured_media_url":"https:\/\/zonaroja.com.mx\/wp-content\/uploads\/2020\/01\/triquis.jpg","jetpack_sharing_enabled":true,"_links":{"self":[{"href":"https:\/\/zonaroja.com.mx\/index.php?rest_route=\/wp\/v2\/posts\/7428","targetHints":{"allow":["GET"]}}],"collection":[{"href":"https:\/\/zonaroja.com.mx\/index.php?rest_route=\/wp\/v2\/posts"}],"about":[{"href":"https:\/\/zonaroja.com.mx\/index.php?rest_route=\/wp\/v2\/types\/post"}],"author":[{"embeddable":true,"href":"https:\/\/zonaroja.com.mx\/index.php?rest_route=\/wp\/v2\/users\/2"}],"replies":[{"embeddable":true,"href":"https:\/\/zonaroja.com.mx\/index.php?rest_route=%2Fwp%2Fv2%2Fcomments&post=7428"}],"version-history":[{"count":1,"href":"https:\/\/zonaroja.com.mx\/index.php?rest_route=\/wp\/v2\/posts\/7428\/revisions"}],"predecessor-version":[{"id":7430,"href":"https:\/\/zonaroja.com.mx\/index.php?rest_route=\/wp\/v2\/posts\/7428\/revisions\/7430"}],"wp:featuredmedia":[{"embeddable":true,"href":"https:\/\/zonaroja.com.mx\/index.php?rest_route=\/wp\/v2\/media\/7429"}],"wp:attachment":[{"href":"https:\/\/zonaroja.com.mx\/index.php?rest_route=%2Fwp%2Fv2%2Fmedia&parent=7428"}],"wp:term":[{"taxonomy":"category","embeddable":true,"href":"https:\/\/zonaroja.com.mx\/index.php?rest_route=%2Fwp%2Fv2%2Fcategories&post=7428"},{"taxonomy":"post_tag","embeddable":true,"href":"https:\/\/zonaroja.com.mx\/index.php?rest_route=%2Fwp%2Fv2%2Ftags&post=7428"}],"curies":[{"name":"wp","href":"https:\/\/api.w.org\/{rel}","templated":true}]}}