{"id":74281,"date":"2024-11-08T13:15:00","date_gmt":"2024-11-08T19:15:00","guid":{"rendered":"https:\/\/zonaroja.com.mx\/?p=74281"},"modified":"2024-11-08T10:16:09","modified_gmt":"2024-11-08T16:16:09","slug":"dictan-sentencia-de-60-anos-de-prision-por-doble-homicidio-en-el-istmo","status":"publish","type":"post","link":"https:\/\/zonaroja.com.mx\/?p=74281","title":{"rendered":"Dictan sentencia de 60 a\u00f1os de prisi\u00f3n por doble homicidio en el Istmo"},"content":{"rendered":"\n<p>Redacci\u00f3n\/Zona Roja.<\/p>\n\n\n\n<p>Oaxaca de Ju\u00e1rez, Oax., a 8 de noviembre de 2024.- Los trabajos de inteligencia criminal hicieron posible que la Fiscal\u00eda General del Estado de Oaxaca (FGEO) obtuviera sentencia condenatoria de 60 a\u00f1os de prisi\u00f3n en contra de una persona del sexo masculino identificadas como Daniel R. o Daniel T.G.R., por el delito de Homicidio Calificado con ventaja, en agravio de dos personas, por hechos ocurridos en la regi\u00f3n del Istmo de Tehuantepec.<\/p>\n\n\n\n<p>De acuerdo con la causa penal, los hechos sucedieron el 18 de diciembre del 2020, en un domicilio particular ubicado en la esquina de la calle 16 de Septiembre y avenida Pino Su\u00e1rez, en la poblaci\u00f3n de Santiago Ixtaltepec, pertenece al municipio de Asunci\u00f3n Ixtaltepec, lugar en donde el imputado y otras personas agredieron con arma de fuego a las dos v\u00edctimas identificadas como E.R.E. y J.E.S., caus\u00e1ndoles lesiones que provocaron su muerte.<\/p>\n\n\n\n<p>Ante estos hechos, la Fiscal\u00eda General del Estado de Oaxaca realiz\u00f3 las investigaciones pertinentes, a trav\u00e9s de la Vicefiscal\u00eda Regional del Istmo, las cuales permitieron obtener y posteriormente ejecutar una orden de aprehensi\u00f3n en contra del imputado.<\/p>\n\n\n\n<p>En audiencia, la Fiscal\u00eda de Oaxaca present\u00f3 los datos de prueba ante el Juez que atiende la causa, quien, despu\u00e9s de analizarlos y evaluarlos, determin\u00f3 dictar sentencia condenatoria en contra de Daniel R. o Daniel T.G.R., quien recibi\u00f3 una pena de 60 a\u00f1os de prisi\u00f3n por su responsabilidad en la comisi\u00f3n del delito de Homicidio calificado con ventaja, adem\u00e1s de imponer el pago de m\u00e1s de 800 mil pesos por concepto del pago de reparaci\u00f3n del da\u00f1o.<\/p>\n\n\n\n<p>La Fiscal\u00eda de Oaxaca est\u00e1 comprometida con la investigaci\u00f3n de delitos de alto impacto para lo cual aplica protocolos y t\u00e9cnicas cient\u00edficas en las investigaciones de cr\u00edmenes, las cuales permiten brindar certeza en los trabajos de procuraci\u00f3n de justicia.<\/p>\n\n\n\n<p>EN HUAUTLA<\/p>\n\n\n\n<p>En otro caso, la Fiscal\u00eda General obtuvo dos sentencias condenatorias que suman 70 a\u00f1os de prisi\u00f3n en contra de dos personas del sexo masculino identificadas como Hilario P.M. y Efr\u00e9n P.M., por su responsabilidad en la comisi\u00f3n del delito de homicidio calificado con ventaja, cometido en agravio de una persona, ocurrido en la Sierra de Flores Mag\u00f3n.<\/p>\n\n\n\n<p>De acuerdo con la causa penal del caso, los hechos ocurrieron el 24 de septiembre de 2022, cuando la v\u00edctima identificada como A.M.C. caminaba sobre una vereda en la localidad de Pe\u00f1a Campana, el Carrizal, perteneciente al municipio de Huautla de Jim\u00e9nez, donde se encontr\u00f3 con los imputados Hilario P.M. y Efr\u00e9n P.M., quienes lo agredieron con disparos de arma de fuego (escopeta) infligiendo lesiones en su cuerpo que lo privaron de la vida.<\/p>\n\n\n\n<p>Ante los hechos, la FGEO a trav\u00e9s de la Vicefiscal\u00eda General de Control Regional atrajo las investigaciones del caso, que permitieron la detenci\u00f3n de Hilario P.M. y Efr\u00e9n P.M., mismos que fueron presentados ante el juzgado correspondiente.<\/p>\n\n\n\n<p>Luego de evaluar las pruebas aportadas por la FGEO, el Juez que atiende la causa dict\u00f3 sentencia condenatoria de 35 a\u00f1os de prisi\u00f3n contra cada uno de ellos, por el delito de Homicidio Calificado con Ventaja, imponiendo un pago de m\u00e1s de 480 mil pesos por concepto de reparaci\u00f3n del da\u00f1o.<\/p>\n","protected":false},"excerpt":{"rendered":"<p>Redacci\u00f3n\/Zona Roja. Oaxaca de Ju\u00e1rez, Oax., a 8 de noviembre de 2024.- Los trabajos de&hellip;<\/p>\n","protected":false},"author":2,"featured_media":70335,"comment_status":"closed","ping_status":"open","sticky":false,"template":"","format":"standard","meta":{"_lmt_disableupdate":"","_lmt_disable":"","_jetpack_memberships_contains_paid_content":false,"footnotes":""},"categories":[109,46],"tags":[494],"class_list":["post-74281","post","type-post","status-publish","format-standard","has-post-thumbnail","hentry","category-minuto-a-minuto","category-zona-blanca","tag-fiscalia-general-del-estado-de-oaxaca"],"jetpack_featured_media_url":"https:\/\/zonaroja.com.mx\/wp-content\/uploads\/2024\/07\/Juez-sentencia.jpeg","jetpack_sharing_enabled":true,"_links":{"self":[{"href":"https:\/\/zonaroja.com.mx\/index.php?rest_route=\/wp\/v2\/posts\/74281","targetHints":{"allow":["GET"]}}],"collection":[{"href":"https:\/\/zonaroja.com.mx\/index.php?rest_route=\/wp\/v2\/posts"}],"about":[{"href":"https:\/\/zonaroja.com.mx\/index.php?rest_route=\/wp\/v2\/types\/post"}],"author":[{"embeddable":true,"href":"https:\/\/zonaroja.com.mx\/index.php?rest_route=\/wp\/v2\/users\/2"}],"replies":[{"embeddable":true,"href":"https:\/\/zonaroja.com.mx\/index.php?rest_route=%2Fwp%2Fv2%2Fcomments&post=74281"}],"version-history":[{"count":1,"href":"https:\/\/zonaroja.com.mx\/index.php?rest_route=\/wp\/v2\/posts\/74281\/revisions"}],"predecessor-version":[{"id":74282,"href":"https:\/\/zonaroja.com.mx\/index.php?rest_route=\/wp\/v2\/posts\/74281\/revisions\/74282"}],"wp:featuredmedia":[{"embeddable":true,"href":"https:\/\/zonaroja.com.mx\/index.php?rest_route=\/wp\/v2\/media\/70335"}],"wp:attachment":[{"href":"https:\/\/zonaroja.com.mx\/index.php?rest_route=%2Fwp%2Fv2%2Fmedia&parent=74281"}],"wp:term":[{"taxonomy":"category","embeddable":true,"href":"https:\/\/zonaroja.com.mx\/index.php?rest_route=%2Fwp%2Fv2%2Fcategories&post=74281"},{"taxonomy":"post_tag","embeddable":true,"href":"https:\/\/zonaroja.com.mx\/index.php?rest_route=%2Fwp%2Fv2%2Ftags&post=74281"}],"curies":[{"name":"wp","href":"https:\/\/api.w.org\/{rel}","templated":true}]}}