{"id":74293,"date":"2024-11-08T21:29:24","date_gmt":"2024-11-09T03:29:24","guid":{"rendered":"https:\/\/zonaroja.com.mx\/?p=74293"},"modified":"2024-11-08T21:29:26","modified_gmt":"2024-11-09T03:29:26","slug":"hallan-vehiculo-calcinado-con-restos-humanos-en-carretera-de-oaxaca","status":"publish","type":"post","link":"https:\/\/zonaroja.com.mx\/?p=74293","title":{"rendered":"Hallan veh\u00edculo calcinado con restos humanos, en carretera de Oaxaca"},"content":{"rendered":"\n<p>Ismael Garc\u00eda M.\/Zona Roja.<\/p>\n\n\n\n<p>Oaxaca de Ju\u00e1rez, Oax., a 8 de noviembre de 2024.- Un veh\u00edculo totalmente calcinado, con restos humanos en su interior, fue localizado este viernes en la supercarretera Oaxaca-Cuacnopalan.<\/p>\n\n\n\n<p>Fue a la altura del acceso carretero al municipio de San Andr\u00e9s Zautla, Etla, en que se localiz\u00f3 la unidad de motor, con caracter\u00edsticas hasta ahora no detalladas, debido a que fue incendiada en su totalidad.<\/p>\n\n\n\n<p>Fuentes policiales confirmaron que en su interior hay restos humanos, aunque se desconoce si de una o m\u00e1s personas; tampoco se sabe la forma en que perdieron la vida.<\/p>\n\n\n\n<p>Se presume que habr\u00eda sido incendiado intencionalmente e incluso una de las l\u00edneas de investigaci\u00f3n est\u00e1 relacionada con los hechos sucedidos anoche en la colonia Reforma de la capital oaxaque\u00f1a, en que asesinaron a seis personas, en una emboscada en contra de Marcos S\u00e1nchez.<\/p>\n\n\n\n<p>Polic\u00edas municipales de San Andr\u00e9s Zautla acordonaron el \u00e1rea y posteriormente arribaron peritos y agentes de investigaci\u00f3n, para iniciar las indagatorias correspondientes; hasta el momento no hay versi\u00f3n oficial de los hechos.<\/p>\n","protected":false},"excerpt":{"rendered":"<p>Ismael Garc\u00eda M.\/Zona Roja. Oaxaca de Ju\u00e1rez, Oax., a 8 de noviembre de 2024.- Un&hellip;<\/p>\n","protected":false},"author":2,"featured_media":74294,"comment_status":"closed","ping_status":"open","sticky":false,"template":"","format":"standard","meta":{"_lmt_disableupdate":"","_lmt_disable":"","_jetpack_memberships_contains_paid_content":false,"footnotes":""},"categories":[109,51],"tags":[1770],"class_list":["post-74293","post","type-post","status-publish","format-standard","has-post-thumbnail","hentry","category-minuto-a-minuto","category-zona-roja","tag-san-andres-zautla"],"jetpack_featured_media_url":"https:\/\/zonaroja.com.mx\/wp-content\/uploads\/2024\/11\/Vehiculo-calcinado-supercarretera-Oaxaca-Zautla.jpg","jetpack_sharing_enabled":true,"_links":{"self":[{"href":"https:\/\/zonaroja.com.mx\/index.php?rest_route=\/wp\/v2\/posts\/74293","targetHints":{"allow":["GET"]}}],"collection":[{"href":"https:\/\/zonaroja.com.mx\/index.php?rest_route=\/wp\/v2\/posts"}],"about":[{"href":"https:\/\/zonaroja.com.mx\/index.php?rest_route=\/wp\/v2\/types\/post"}],"author":[{"embeddable":true,"href":"https:\/\/zonaroja.com.mx\/index.php?rest_route=\/wp\/v2\/users\/2"}],"replies":[{"embeddable":true,"href":"https:\/\/zonaroja.com.mx\/index.php?rest_route=%2Fwp%2Fv2%2Fcomments&post=74293"}],"version-history":[{"count":1,"href":"https:\/\/zonaroja.com.mx\/index.php?rest_route=\/wp\/v2\/posts\/74293\/revisions"}],"predecessor-version":[{"id":74295,"href":"https:\/\/zonaroja.com.mx\/index.php?rest_route=\/wp\/v2\/posts\/74293\/revisions\/74295"}],"wp:featuredmedia":[{"embeddable":true,"href":"https:\/\/zonaroja.com.mx\/index.php?rest_route=\/wp\/v2\/media\/74294"}],"wp:attachment":[{"href":"https:\/\/zonaroja.com.mx\/index.php?rest_route=%2Fwp%2Fv2%2Fmedia&parent=74293"}],"wp:term":[{"taxonomy":"category","embeddable":true,"href":"https:\/\/zonaroja.com.mx\/index.php?rest_route=%2Fwp%2Fv2%2Fcategories&post=74293"},{"taxonomy":"post_tag","embeddable":true,"href":"https:\/\/zonaroja.com.mx\/index.php?rest_route=%2Fwp%2Fv2%2Ftags&post=74293"}],"curies":[{"name":"wp","href":"https:\/\/api.w.org\/{rel}","templated":true}]}}