{"id":74296,"date":"2024-11-09T07:30:00","date_gmt":"2024-11-09T13:30:00","guid":{"rendered":"https:\/\/zonaroja.com.mx\/?p=74296"},"modified":"2024-11-09T07:26:16","modified_gmt":"2024-11-09T13:26:16","slug":"en-colima-asesinan-a-contralmirante-en-sinaloa-cinco-cuerpos-en-fosas","status":"publish","type":"post","link":"https:\/\/zonaroja.com.mx\/?p=74296","title":{"rendered":"En Colima asesinan a contralmirante; en Sinaloa, cinco cuerpos en fosas"},"content":{"rendered":"\n<p>Redacci\u00f3n\/Zona Roja Cdmx.&nbsp;<\/p>\n\n\n\n<p>Ciudad de M\u00e9xico, a 9 de noviembre de 2024.- Un elemento de la Secretar\u00eda de Marina (Semar) fue asesinado a balazos ayer cuando fue atacado por un grupo armado en el municipio de Manzanillo, Colima.<\/p>\n\n\n\n<p>De acuerdo con informaci\u00f3n de la Secretar\u00eda de Seguridad P\u00fablica (SSP) del gobierno estatal el elemento fue identificado como Fernando Rub\u00e9n Guerrero Alc\u00e1ntar con rango de contraalmirante.&nbsp;<\/p>\n\n\n\n<p>Seg\u00fan los hechos, dos hombres armados abordo de una motocicleta se le emparejaron a la v\u00edctima cuando conduc\u00eda su veh\u00edculo por la avenida L\u00e1zaro C\u00e1rdenas del mencionado municipio, cuando dispararon sus armas.<\/p>\n\n\n\n<p>Los servicios de emergencia se trasladaron al lugar para comprobar que la v\u00edctima ya no ten\u00eda vida.<\/p>\n\n\n\n<p>Este es el segundo ataque contra un elemento de la Semar en los \u00faltimos d\u00edas pues el pasado 30 de octubre, tambi\u00e9n en Manzanillo, asesinaron a otro hombre cuando se encontraba de vacaciones.<\/p>\n\n\n\n<p>EN SINALOA<\/p>\n\n\n\n<p>Los restos de al menos cinco personas fueron localizados en dos fosas clandestinas en la comunidad de Miravalles, a cinco kil\u00f3metros de Mazatl\u00e1n, Sinaloa. Tres corresponden a mujeres y dos a hombres, confirm\u00f3 Jes\u00fas Arnoldo Serrano Castello, vicefiscal de la zona sur de la Fiscal\u00eda General de Sinaloa (FGE).<\/p>\n\n\n\n<p>Detall\u00f3 que \u201cel mi\u00e9rcoles localizaron entierros clandestinos con algunas osamentas, y de manera adelantada se revel\u00f3 que se trataba de fragmentos humanos del sexo femenino; el jueves, a unos 40 metros del primer hallazgo, se ubic\u00f3 una fosa con dos masculinos y una f\u00e9mina.<\/p>\n\n\n\n<p>Serrano Castello indic\u00f3 que la FGE integr\u00f3 una carpeta de investigaci\u00f3n y en unos 15 d\u00edas se podr\u00e1 determinar la identidad de las personas encontradas.<\/p>\n\n\n\n<p>EN MICHOAC\u00c1N<\/p>\n\n\n\n<p>Habitantes de la zona de Apatzing\u00e1n y Buenavista, en Michoac\u00e1n, reportaron ayer enfrentamientos entre grupos delictivos, tanto en la salida a Buenavista como en la poblaci\u00f3n de Aguililla, por lo que fuerzas federales y estatales implementaron un operativo que dej\u00f3 un presunto delincuente muerto.<\/p>\n\n\n\n<p>Los tiroteos se escucharon en las localidades El Alcalde, Las Bateas y Los Tepetates, donde presuntos integrantes de Los Viagras y del c\u00e1rtel Jalisco se enfrentaron a balazos. Seg\u00fan fuentes de seguridad, esta es una posible reacci\u00f3n luego de que un grupo criminal destruy\u00f3 huertas de lim\u00f3n, sobre todo en la propiedad de Bernardo Bravo Manr\u00edquez, presidente de los productores de c\u00edtricos en Apatzing\u00e1n.<\/p>\n\n\n\n<p>La huerta destruida se ubica en la localidad de Cenobio Moreno, conocida como Las Colonias, adonde ingresaron supuestos miembros de la c\u00e9lula delictiva Los blancos de Troya, que encabeza El B\u00f3tox.<\/p>\n\n\n\n<p>EN GUERRERO<\/p>\n\n\n\n<p>La Fiscal\u00eda General del Estado de Guerrero (FGE) dio a conocer que fueron identificados las 11 personas localizadas sin vida el mi\u00e9rcoles por la noche en esta capital, se trata de \u00abdos mujeres, cuatro menores de edad y cinco hombres adultos, originarios de la comunidad de Chautipan, municipio de Chilpancingo\u00bb<\/p>\n\n\n\n<p>La FGE detall\u00f3 que, \u00abtras realizarse un exhaustivo an\u00e1lisis forense interdisciplinario, esta madrugada se identific\u00f3 plenamente a 11 personas localizadas sin vida la noche del 6 de noviembre en el bulevar Vicente Guerrero, a la altura del Parador del Marqu\u00e9s en el municipio de Chilpancingo\u201d.<\/p>\n\n\n\n<p>(Informaci\u00f3n de \u201cLa Jornada\u201d)<\/p>\n","protected":false},"excerpt":{"rendered":"<p>Redacci\u00f3n\/Zona Roja Cdmx.&nbsp; Ciudad de M\u00e9xico, a 9 de noviembre de 2024.- Un elemento de&hellip;<\/p>\n","protected":false},"author":2,"featured_media":67804,"comment_status":"closed","ping_status":"open","sticky":false,"template":"","format":"standard","meta":{"_lmt_disableupdate":"","_lmt_disable":"","_jetpack_memberships_contains_paid_content":false,"footnotes":""},"categories":[109,51],"tags":[1746],"class_list":["post-74296","post","type-post","status-publish","format-standard","has-post-thumbnail","hentry","category-minuto-a-minuto","category-zona-roja","tag-violencia-en-mexico"],"jetpack_featured_media_url":"https:\/\/zonaroja.com.mx\/wp-content\/uploads\/2024\/04\/Asesinato-escena-crimen.png.webp","jetpack_sharing_enabled":true,"_links":{"self":[{"href":"https:\/\/zonaroja.com.mx\/index.php?rest_route=\/wp\/v2\/posts\/74296","targetHints":{"allow":["GET"]}}],"collection":[{"href":"https:\/\/zonaroja.com.mx\/index.php?rest_route=\/wp\/v2\/posts"}],"about":[{"href":"https:\/\/zonaroja.com.mx\/index.php?rest_route=\/wp\/v2\/types\/post"}],"author":[{"embeddable":true,"href":"https:\/\/zonaroja.com.mx\/index.php?rest_route=\/wp\/v2\/users\/2"}],"replies":[{"embeddable":true,"href":"https:\/\/zonaroja.com.mx\/index.php?rest_route=%2Fwp%2Fv2%2Fcomments&post=74296"}],"version-history":[{"count":1,"href":"https:\/\/zonaroja.com.mx\/index.php?rest_route=\/wp\/v2\/posts\/74296\/revisions"}],"predecessor-version":[{"id":74297,"href":"https:\/\/zonaroja.com.mx\/index.php?rest_route=\/wp\/v2\/posts\/74296\/revisions\/74297"}],"wp:featuredmedia":[{"embeddable":true,"href":"https:\/\/zonaroja.com.mx\/index.php?rest_route=\/wp\/v2\/media\/67804"}],"wp:attachment":[{"href":"https:\/\/zonaroja.com.mx\/index.php?rest_route=%2Fwp%2Fv2%2Fmedia&parent=74296"}],"wp:term":[{"taxonomy":"category","embeddable":true,"href":"https:\/\/zonaroja.com.mx\/index.php?rest_route=%2Fwp%2Fv2%2Fcategories&post=74296"},{"taxonomy":"post_tag","embeddable":true,"href":"https:\/\/zonaroja.com.mx\/index.php?rest_route=%2Fwp%2Fv2%2Ftags&post=74296"}],"curies":[{"name":"wp","href":"https:\/\/api.w.org\/{rel}","templated":true}]}}