{"id":74298,"date":"2024-11-09T08:44:00","date_gmt":"2024-11-09T14:44:00","guid":{"rendered":"https:\/\/zonaroja.com.mx\/?p=74298"},"modified":"2024-11-09T07:54:24","modified_gmt":"2024-11-09T13:54:24","slug":"abren-parque-primavera-opcion-integran-de-esparcimiento-para-oaxaquenos","status":"publish","type":"post","link":"https:\/\/zonaroja.com.mx\/?p=74298","title":{"rendered":"Abren parque \u201cPrimavera\u201d, opci\u00f3n integran de esparcimiento para oaxaque\u00f1os"},"content":{"rendered":"\n<p>Raymundo Morales\/Zona Roja.<\/p>\n\n\n\n<p>Oaxaca de Ju\u00e1rez, Oax., a 9 de noviembre de 2024.- Este s\u00e1bado qued\u00f3 abierto al p\u00fablico el parque \u201cPrimavera\u201d, un espacio integral de esparcimiento que se ubica en predios de la antigua f\u00e1brica de triplay, en la agencia de San Juan Chapultepec, ciudad de Oaxaca.<\/p>\n\n\n\n<p>Este espacio de 11. 84 hect\u00e1reas fungir\u00e1 como un punto de encuentro para el buen vivir de las familias oaxaque\u00f1as, especialmente de la ni\u00f1ez y juventudes.<\/p>\n\n\n\n<p>Cuenta con canchas de f\u00fatbol 5, 7 y 11, de b\u00e1squetbol, pista de atletismo, \u00e1reas de skatepark, parkour y petanca.&nbsp;<\/p>\n\n\n\n<p>Tambi\u00e9n, un espejo de agua, recinto ferial y recinto cultural y arenero. Adem\u00e1s, en la periferia se construy\u00f3 un estacionamiento con capacidad para m\u00e1s de 350 veh\u00edculos.<\/p>\n\n\n\n<p>Adem\u00e1s, albergar\u00e1 al Museo del Ma\u00edz, el primero en la entidad y el tercero a nivel nacional. Contar\u00e1 con un banco de semillas de las 35 razas de ma\u00edces, frijoles, calabazas y chiles de Oaxaca.&nbsp;<\/p>\n\n\n\n<p>El parque \u201cPrimavera Oaxaque\u00f1a\u201d, ubicado entre la carretera a Monte Alb\u00e1n y riberas del R\u00edo Atoyac, en Oaxaca de Ju\u00e1rez, fue inaugurado esta ma\u00f1ana por el gobernador Salom\u00f3n Jara Cruz, junto con su esposa Irma Bola\u00f1os, presidenta honoraria del DIF estatal.<\/p>\n\n\n\n<p>Anoche, acudieron a la presentaci\u00f3n de la obra, en que destacaron que se trata de una reparaci\u00f3n hist\u00f3rica para devolverle al pueblo espacios para su esparcimiento.<\/p>\n\n\n\n<p>\u201cEs el nuevo coraz\u00f3n de la ciudad y de la zona Metropolitana. Representa el renacimiento del espacio p\u00fablico y el florecimiento de un gobierno que cumple su compromiso con la promoci\u00f3n del deporte, el arte y la cultura como ejes del bienestar colectivo\u201d, afirm\u00f3 la presidenta honoraria del DIF.<\/p>\n\n\n\n<p>En este acto se destac\u00f3 que la recuperaci\u00f3n de la hist\u00f3rica F\u00e1brica de Triplay de Oaxaca, no solo implic\u00f3 rehabilitar un sitio deteriorado, sino honrar su legado y devolverle su relevancia comunitaria.<\/p>\n\n\n\n<p>Durante el acto se reconoci\u00f3 la participaci\u00f3n de los artistas pl\u00e1sticos como los maestros Shinzaburo Takeda y Ad\u00e1n Paredes, que encabezan la creaci\u00f3n de un mural de cer\u00e1mica en el \u00e1rea del arenero.&nbsp;<\/p>\n\n\n\n<p>Este proyecto incluye la participaci\u00f3n de las infancias y adolescencias de los pueblos originarios y afromexicanos, quienes plasmaron en losetas dise\u00f1os de la flora y fauna end\u00e9mica de Oaxaca.<\/p>\n\n\n\n<p>Tambi\u00e9n se reconoci\u00f3 a las familias de los artistas Francisco Toledo, que don\u00f3 el dise\u00f1o de la obra \u201cPeces\u201d, para las rejas que cubren el Parque Primavera; que contiene 796 piezas colocadas en mil metros lineales; as\u00ed como de Alejandro Santiago, cuya exposici\u00f3n de los 2501 Migrantes se colocar\u00e1n en el Jard\u00edn Principal.<\/p>\n","protected":false},"excerpt":{"rendered":"<p>Raymundo Morales\/Zona Roja. Oaxaca de Ju\u00e1rez, Oax., a 9 de noviembre de 2024.- Este s\u00e1bado&hellip;<\/p>\n","protected":false},"author":2,"featured_media":74301,"comment_status":"closed","ping_status":"open","sticky":false,"template":"","format":"standard","meta":{"_lmt_disableupdate":"","_lmt_disable":"","_jetpack_memberships_contains_paid_content":false,"footnotes":""},"categories":[109,46],"tags":[4109,939],"class_list":["post-74298","post","type-post","status-publish","format-standard","has-post-thumbnail","hentry","category-minuto-a-minuto","category-zona-blanca","tag-parque-primavera-oaxaca","tag-salomon-jara-cruz"],"jetpack_featured_media_url":"https:\/\/zonaroja.com.mx\/wp-content\/uploads\/2024\/11\/Parque-Primavera-Oaxaca.jpg","jetpack_sharing_enabled":true,"_links":{"self":[{"href":"https:\/\/zonaroja.com.mx\/index.php?rest_route=\/wp\/v2\/posts\/74298","targetHints":{"allow":["GET"]}}],"collection":[{"href":"https:\/\/zonaroja.com.mx\/index.php?rest_route=\/wp\/v2\/posts"}],"about":[{"href":"https:\/\/zonaroja.com.mx\/index.php?rest_route=\/wp\/v2\/types\/post"}],"author":[{"embeddable":true,"href":"https:\/\/zonaroja.com.mx\/index.php?rest_route=\/wp\/v2\/users\/2"}],"replies":[{"embeddable":true,"href":"https:\/\/zonaroja.com.mx\/index.php?rest_route=%2Fwp%2Fv2%2Fcomments&post=74298"}],"version-history":[{"count":1,"href":"https:\/\/zonaroja.com.mx\/index.php?rest_route=\/wp\/v2\/posts\/74298\/revisions"}],"predecessor-version":[{"id":74302,"href":"https:\/\/zonaroja.com.mx\/index.php?rest_route=\/wp\/v2\/posts\/74298\/revisions\/74302"}],"wp:featuredmedia":[{"embeddable":true,"href":"https:\/\/zonaroja.com.mx\/index.php?rest_route=\/wp\/v2\/media\/74301"}],"wp:attachment":[{"href":"https:\/\/zonaroja.com.mx\/index.php?rest_route=%2Fwp%2Fv2%2Fmedia&parent=74298"}],"wp:term":[{"taxonomy":"category","embeddable":true,"href":"https:\/\/zonaroja.com.mx\/index.php?rest_route=%2Fwp%2Fv2%2Fcategories&post=74298"},{"taxonomy":"post_tag","embeddable":true,"href":"https:\/\/zonaroja.com.mx\/index.php?rest_route=%2Fwp%2Fv2%2Ftags&post=74298"}],"curies":[{"name":"wp","href":"https:\/\/api.w.org\/{rel}","templated":true}]}}