{"id":74306,"date":"2024-11-09T08:57:00","date_gmt":"2024-11-09T14:57:00","guid":{"rendered":"https:\/\/zonaroja.com.mx\/?p=74306"},"modified":"2024-11-09T08:14:35","modified_gmt":"2024-11-09T14:14:35","slug":"serian-tres-los-cuerpos-calcinados-hallados-anoche-en-oaxaca","status":"publish","type":"post","link":"https:\/\/zonaroja.com.mx\/?p=74306","title":{"rendered":"Ser\u00edan tres los cuerpos calcinados hallados anoche en Oaxaca"},"content":{"rendered":"\n<p>Ismael Garc\u00eda M.\/Zona Roja.<\/p>\n\n\n\n<p>Oaxaca de Ju\u00e1rez, Oax., a 9 de noviembre de 2024.- Ser\u00edan tres cuerpos de personas los calcinados ayer por la tarde en un veh\u00edculo, que fue ubicado a un costado de la supercarretera Oaxaca-Cuacnopalan, en el entronque al municipio de San Andr\u00e9s Zautla, Etla.<\/p>\n\n\n\n<p>De acuerdo con reportes preliminares de fuentes oficiales, un cuerpo se hall\u00f3 en el interior del coche marca Volkswagen y dos m\u00e1s en la cajuela; habr\u00edan sido ejecutados y despu\u00e9s incinerados.<\/p>\n\n\n\n<p>Peritos y agentes de investigaci\u00f3n de la Fiscal\u00eda General del Estado de Oaxaca indagan si este hecho estar\u00eda relacionado con el atentado en contra del dirigente de transportistas Marcos Sanchez, el pasado jueves 7 de noviembre, en que mataron a seis de sus escoltas.<\/p>\n\n\n\n<p>El hallazgo de ayer fue reportado cerca de las 17:00 horas tras lo cual arribaron elementos policiacos de Zautla, al tratarse de su jurisdicci\u00f3n.<\/p>\n\n\n\n<p>Posteriormente llegaron corporaciones policiacas federal y estatal; tras las primeras labores periciales, los restos fueron trasladados al Instituto de Servicios Periciales, con la finalidad de identificar los restos humanos.<\/p>\n","protected":false},"excerpt":{"rendered":"<p>Ismael Garc\u00eda M.\/Zona Roja. Oaxaca de Ju\u00e1rez, Oax., a 9 de noviembre de 2024.- Ser\u00edan&hellip;<\/p>\n","protected":false},"author":2,"featured_media":74300,"comment_status":"closed","ping_status":"open","sticky":false,"template":"","format":"standard","meta":{"_lmt_disableupdate":"","_lmt_disable":"","_jetpack_memberships_contains_paid_content":false,"footnotes":""},"categories":[109,51],"tags":[1770],"class_list":["post-74306","post","type-post","status-publish","format-standard","has-post-thumbnail","hentry","category-minuto-a-minuto","category-zona-roja","tag-san-andres-zautla"],"jetpack_featured_media_url":"https:\/\/zonaroja.com.mx\/wp-content\/uploads\/2024\/11\/Vehiculo-calcinado-Zautla.jpg","jetpack_sharing_enabled":true,"_links":{"self":[{"href":"https:\/\/zonaroja.com.mx\/index.php?rest_route=\/wp\/v2\/posts\/74306","targetHints":{"allow":["GET"]}}],"collection":[{"href":"https:\/\/zonaroja.com.mx\/index.php?rest_route=\/wp\/v2\/posts"}],"about":[{"href":"https:\/\/zonaroja.com.mx\/index.php?rest_route=\/wp\/v2\/types\/post"}],"author":[{"embeddable":true,"href":"https:\/\/zonaroja.com.mx\/index.php?rest_route=\/wp\/v2\/users\/2"}],"replies":[{"embeddable":true,"href":"https:\/\/zonaroja.com.mx\/index.php?rest_route=%2Fwp%2Fv2%2Fcomments&post=74306"}],"version-history":[{"count":1,"href":"https:\/\/zonaroja.com.mx\/index.php?rest_route=\/wp\/v2\/posts\/74306\/revisions"}],"predecessor-version":[{"id":74307,"href":"https:\/\/zonaroja.com.mx\/index.php?rest_route=\/wp\/v2\/posts\/74306\/revisions\/74307"}],"wp:featuredmedia":[{"embeddable":true,"href":"https:\/\/zonaroja.com.mx\/index.php?rest_route=\/wp\/v2\/media\/74300"}],"wp:attachment":[{"href":"https:\/\/zonaroja.com.mx\/index.php?rest_route=%2Fwp%2Fv2%2Fmedia&parent=74306"}],"wp:term":[{"taxonomy":"category","embeddable":true,"href":"https:\/\/zonaroja.com.mx\/index.php?rest_route=%2Fwp%2Fv2%2Fcategories&post=74306"},{"taxonomy":"post_tag","embeddable":true,"href":"https:\/\/zonaroja.com.mx\/index.php?rest_route=%2Fwp%2Fv2%2Ftags&post=74306"}],"curies":[{"name":"wp","href":"https:\/\/api.w.org\/{rel}","templated":true}]}}