{"id":7431,"date":"2020-01-08T09:52:04","date_gmt":"2020-01-08T15:52:04","guid":{"rendered":"http:\/\/www.zonaroja.com.mx\/?p=7431"},"modified":"2020-01-08T09:52:10","modified_gmt":"2020-01-08T15:52:10","slug":"termina-periodo-vacacional-y-oaxaca-es-un-caos-con-el-reinicio-de-protestas","status":"publish","type":"post","link":"https:\/\/zonaroja.com.mx\/?p=7431","title":{"rendered":"Termina periodo vacacional, y Oaxaca es un caos con el reinicio de protestas"},"content":{"rendered":"\n<p>Evlin\nArag\u00f3n\/Zona Roja.<\/p>\n\n\n\n<p>Con\nel regreso a clases, estipulado en el calendario oficial de la Secretaria de\nEducaci\u00f3n P\u00fablica (SEP), vuelven las movilizaciones a la capital de Oaxaca y se\nacumulan junto con las que protestas que no se pudieron resolver en el periodo\nvacacional que acaba de concluir.<\/p>\n\n\n\n<p>Desde\ntemprana hora, integrantes del Frente \u00danico de Telebachilleratos Comunitarios y\nla Coordinadora Ind\u00edgena Popular Aut\u00f3noma, hicieron presencian a las afueras de\nCasa Oficial.<\/p>\n\n\n\n<p>Ello\npara exigir el cumplimiento de los acuerdos signados previamente con las\nautoridades estatales, a trav\u00e9s de la Secretar\u00eda General de Gobierno, quien se\ncomprometi\u00f3 incluso a generar las condiciones para reunirse con el mandatario\nAlejandro Murat Hinojosa.<\/p>\n\n\n\n<p>\u201cEs\nun plant\u00f3n de manera indefinida, lo que menos queremos es afectar a la\nciudadan\u00eda es por eso que estamos instalados aqu\u00ed en este espacio, afectando\ndirectamente el espacio en el que despacha el gobernador\u201d, dijo Celestino\nJim\u00e9nez Aparicio, representante nacional del frente.<\/p>\n\n\n\n<p>En\neste sentido record\u00f3 que en Oaxaca es necesaria la presi\u00f3n pol\u00edtica para que\nsean atendidas las demandas sociales, en este caso el cumplimiento de los\nacuerdos donde se demanda respuestas concretas por parte de la Fiscal\u00eda General\nde Justicia del Estado ante los asesinatos de luchadores sociales.<\/p>\n\n\n\n<p>DOCENTES\nABANDONAN A NI\u00d1OS<\/p>\n\n\n\n<p>Mientras\nque en el z\u00f3calo de la ciudad, integrantes del magisterio oaxaque\u00f1o, adscritos\nal nivel de Educaci\u00f3n Ind\u00edgena instalaron un \u201cplant\u00f3n\u201d en el marco de su\njornada de lucha de 72 horas, en las que tambi\u00e9n pretenden cerrar algunos\ncruceros viales para exigir el reconocimiento de la Direcci\u00f3n General de los\nPueblos Originarios, la cancelaci\u00f3n de m\u00f3dulos irregulares y soluci\u00f3n de\nincidencias.<\/p>\n\n\n\n<p>TAMBI\u00c9N\nSINDICALIZADOS<\/p>\n\n\n\n<p>A\nnivel universitario, integrantes del Sindicato de Trabajadores y Empleados de\nla Universidad \u201cBenito Ju\u00e1rez de Oaxaca (Steuabjo), inician sus movilizaciones\nen este 2020 y se preparan para marchar de las instalaciones de la m\u00e1xima casa\nde estudios hacia la Junta de Conciliaci\u00f3n y Arbitraje, como parte de su\njornada anual de lucha por mejoras laborales y su ya anunciado emplazamiento a\nhuelga.<\/p>\n\n\n\n<p>Lo\nanterior pese a que en reuniones previas el rector de la UABJO, Eduardo\nBautista Mart\u00ednez, ha explicado que no puede dar nuevas plazas ni nuevas\nprestaciones laborales, por estar siguiendo medidas de austeridad y contenci\u00f3n\nde conformidad con los gobiernos federal y estatal.<\/p>\n\n\n\n<p>BLOQUEAN\nCARRETERA<\/p>\n\n\n\n<p>Las\nprotestas se registran tambi\u00e9n al interior del estado, en la regi\u00f3n del Istmo\nde Tehuantepec habitantes del municipio de Santiago Astata, mantienen tomado\ndesde ayer el Palacio Municipal en oposici\u00f3n a la reciente administraci\u00f3n\nencabezada por Dorian Ric\u00e1rdez, a quien acusan de \u00abhuachicolero\u00bb y de\nquerer privatizar las playas de la localidad.<\/p>\n\n\n\n<p>La\ninconformidad de las y los pobladores les ha llevado este mi\u00e9rcoles a bloquear\nel tramo carretero Salina Cruz-Huatulco a la altura de la poblaci\u00f3n, situaci\u00f3n\nque ya provoca complicaciones viales en la zona.<\/p>\n","protected":false},"excerpt":{"rendered":"<p>Evlin Arag\u00f3n\/Zona Roja. Con el regreso a clases, estipulado en el calendario oficial de la&hellip;<\/p>\n","protected":false},"author":2,"featured_media":7432,"comment_status":"closed","ping_status":"open","sticky":false,"template":"","format":"standard","meta":{"_lmt_disableupdate":"","_lmt_disable":"","_jetpack_memberships_contains_paid_content":false,"footnotes":""},"categories":[109,47],"tags":[1254],"class_list":["post-7431","post","type-post","status-publish","format-standard","has-post-thumbnail","hentry","category-minuto-a-minuto","category-zona-gris","tag-santiago-astata"],"jetpack_featured_media_url":"https:\/\/zonaroja.com.mx\/wp-content\/uploads\/2020\/01\/Santiago-Astata.jpg","jetpack_sharing_enabled":true,"_links":{"self":[{"href":"https:\/\/zonaroja.com.mx\/index.php?rest_route=\/wp\/v2\/posts\/7431","targetHints":{"allow":["GET"]}}],"collection":[{"href":"https:\/\/zonaroja.com.mx\/index.php?rest_route=\/wp\/v2\/posts"}],"about":[{"href":"https:\/\/zonaroja.com.mx\/index.php?rest_route=\/wp\/v2\/types\/post"}],"author":[{"embeddable":true,"href":"https:\/\/zonaroja.com.mx\/index.php?rest_route=\/wp\/v2\/users\/2"}],"replies":[{"embeddable":true,"href":"https:\/\/zonaroja.com.mx\/index.php?rest_route=%2Fwp%2Fv2%2Fcomments&post=7431"}],"version-history":[{"count":1,"href":"https:\/\/zonaroja.com.mx\/index.php?rest_route=\/wp\/v2\/posts\/7431\/revisions"}],"predecessor-version":[{"id":7433,"href":"https:\/\/zonaroja.com.mx\/index.php?rest_route=\/wp\/v2\/posts\/7431\/revisions\/7433"}],"wp:featuredmedia":[{"embeddable":true,"href":"https:\/\/zonaroja.com.mx\/index.php?rest_route=\/wp\/v2\/media\/7432"}],"wp:attachment":[{"href":"https:\/\/zonaroja.com.mx\/index.php?rest_route=%2Fwp%2Fv2%2Fmedia&parent=7431"}],"wp:term":[{"taxonomy":"category","embeddable":true,"href":"https:\/\/zonaroja.com.mx\/index.php?rest_route=%2Fwp%2Fv2%2Fcategories&post=7431"},{"taxonomy":"post_tag","embeddable":true,"href":"https:\/\/zonaroja.com.mx\/index.php?rest_route=%2Fwp%2Fv2%2Ftags&post=7431"}],"curies":[{"name":"wp","href":"https:\/\/api.w.org\/{rel}","templated":true}]}}