{"id":74310,"date":"2024-11-09T12:21:00","date_gmt":"2024-11-09T18:21:00","guid":{"rendered":"https:\/\/zonaroja.com.mx\/?p=74310"},"modified":"2024-11-09T08:21:41","modified_gmt":"2024-11-09T14:21:41","slug":"sentencian-a-63-anos-de-carcel-a-violador-en-oaxaca","status":"publish","type":"post","link":"https:\/\/zonaroja.com.mx\/?p=74310","title":{"rendered":"Sentencian a 63 a\u00f1os de c\u00e1rcel a violador en Oaxaca"},"content":{"rendered":"\n<p>Redacci\u00f3n\/Zona Roja.&nbsp;<\/p>\n\n\n\n<p>Oaxaca de Ju\u00e1rez, Oax., a 9 de noviembre de 2024.-&nbsp;Como resultado de las investigaciones enfocadas en garantizar los derechos de ni\u00f1as, ni\u00f1os y adolescentes a una vida libre de violencia, la Fiscal\u00eda General del Estado de Oaxaca (FGEO) obtuvo una sentencia condenatoria de 63 a\u00f1os de prisi\u00f3n en contra de una persona del sexo masculino identificada como Maximino R.V., por el delito de Violaci\u00f3n Agravada, cometido en contra de una menor de edad, hechos ocurridos en la Sierra de Flores Mag\u00f3n.<\/p>\n\n\n\n<p>De acuerdo con el expediente penal, la agresi\u00f3n sexual contra la v\u00edctima (cuya identidad est\u00e1 reservada por ley) ocurri\u00f3 entre los meses de agosto y octubre de 2022 y junio de 2023 en diferentes domicilios de la localidad de Agua de Borrego perteneciente al municipio de San Miguel Huautepec, en la Sierra de Flores Mag\u00f3n.<\/p>\n\n\n\n<p>Tras estos hechos, la FGEO inici\u00f3 las investigaciones correspondientes a trav\u00e9s de la Vicefiscal\u00eda General de Control Regional y, derivado de ello, obtuvieron una orden de aprehensi\u00f3n contra el hoy sentenciado, para posteriormente, presentarlo ante el Juez que lo requiri\u00f3 para su proceso legal correspondiente.<\/p>\n\n\n\n<p>Luego de evaluar los datos de prueba aportados por la Fiscal\u00eda de Oaxaca, el Tribunal de Enjuiciamiento con sede en Tuxtepec dict\u00f3 sentencia condenatoria de 63 a\u00f1os de prisi\u00f3n en contra de Maximino R.V. al hallarlo culpable del delito de Violaci\u00f3n Agravada en contra de una menor de edad.<\/p>\n\n\n\n<p>Adem\u00e1s, la autoridad judicial impuso una multa econ\u00f3mica, as\u00ed como el pago econ\u00f3mico por concepto de reparaci\u00f3n del da\u00f1o en abstracto.<\/p>\n\n\n\n<p>La Fiscal\u00eda de Oaxaca tiene como prioridad garantizar procesos de justicia eficientes en los casos de delitos cometidos en contra de ni\u00f1as, ni\u00f1os y adolescentes, a trav\u00e9s de investigaciones integrales y con perspectiva de infancia que logren garantizar el inter\u00e9s superior de la ni\u00f1ez.<\/p>\n","protected":false},"excerpt":{"rendered":"<p>Redacci\u00f3n\/Zona Roja.&nbsp; Oaxaca de Ju\u00e1rez, Oax., a 9 de noviembre de 2024.-&nbsp;Como resultado de las&hellip;<\/p>\n","protected":false},"author":2,"featured_media":74299,"comment_status":"closed","ping_status":"open","sticky":false,"template":"","format":"standard","meta":{"_lmt_disableupdate":"","_lmt_disable":"","_jetpack_memberships_contains_paid_content":false,"footnotes":""},"categories":[109,46],"tags":[494],"class_list":["post-74310","post","type-post","status-publish","format-standard","has-post-thumbnail","hentry","category-minuto-a-minuto","category-zona-blanca","tag-fiscalia-general-del-estado-de-oaxaca"],"jetpack_featured_media_url":"https:\/\/zonaroja.com.mx\/wp-content\/uploads\/2024\/11\/Juez-juzgado-sentencia.jpeg","jetpack_sharing_enabled":true,"_links":{"self":[{"href":"https:\/\/zonaroja.com.mx\/index.php?rest_route=\/wp\/v2\/posts\/74310","targetHints":{"allow":["GET"]}}],"collection":[{"href":"https:\/\/zonaroja.com.mx\/index.php?rest_route=\/wp\/v2\/posts"}],"about":[{"href":"https:\/\/zonaroja.com.mx\/index.php?rest_route=\/wp\/v2\/types\/post"}],"author":[{"embeddable":true,"href":"https:\/\/zonaroja.com.mx\/index.php?rest_route=\/wp\/v2\/users\/2"}],"replies":[{"embeddable":true,"href":"https:\/\/zonaroja.com.mx\/index.php?rest_route=%2Fwp%2Fv2%2Fcomments&post=74310"}],"version-history":[{"count":1,"href":"https:\/\/zonaroja.com.mx\/index.php?rest_route=\/wp\/v2\/posts\/74310\/revisions"}],"predecessor-version":[{"id":74311,"href":"https:\/\/zonaroja.com.mx\/index.php?rest_route=\/wp\/v2\/posts\/74310\/revisions\/74311"}],"wp:featuredmedia":[{"embeddable":true,"href":"https:\/\/zonaroja.com.mx\/index.php?rest_route=\/wp\/v2\/media\/74299"}],"wp:attachment":[{"href":"https:\/\/zonaroja.com.mx\/index.php?rest_route=%2Fwp%2Fv2%2Fmedia&parent=74310"}],"wp:term":[{"taxonomy":"category","embeddable":true,"href":"https:\/\/zonaroja.com.mx\/index.php?rest_route=%2Fwp%2Fv2%2Fcategories&post=74310"},{"taxonomy":"post_tag","embeddable":true,"href":"https:\/\/zonaroja.com.mx\/index.php?rest_route=%2Fwp%2Fv2%2Ftags&post=74310"}],"curies":[{"name":"wp","href":"https:\/\/api.w.org\/{rel}","templated":true}]}}