{"id":74321,"date":"2024-11-09T17:15:16","date_gmt":"2024-11-09T23:15:16","guid":{"rendered":"https:\/\/zonaroja.com.mx\/?p=74321"},"modified":"2024-11-09T17:15:18","modified_gmt":"2024-11-09T23:15:18","slug":"urge-la-cndh-a-esclarecer-asesinato-de-las-dos-mujeres-triquis","status":"publish","type":"post","link":"https:\/\/zonaroja.com.mx\/?p=74321","title":{"rendered":"Urge la CNDH a esclarecer asesinato de las dos mujeres triquis\u00a0"},"content":{"rendered":"\n<p>Raymundo Morales\/Zona Roja.<\/p>\n\n\n\n<p>Oaxaca de Ju\u00e1rez, Oax., a 9 de noviembre de 2024.- Tras condenar el doble homicidio, la Comisi\u00f3n Nacional de los Derechos (CNDH) pidi\u00f3 a las autoridades del estado de Oaxaca esclarecer el asesinato de las dos mujeres triquis y construir tambi\u00e9n condiciones para el restablecimiento de una paz firme en la zona.<\/p>\n\n\n\n<p>Mediante el pronunciamiento n\u00famero DGDDH\/035\/2024, emitido este s\u00e1bado, conden\u00f3 el crimen de Adriana y Virginia Ortiz Garc\u00eda, mujeres artesanas quienes fueron ultimadas el pasado 5 de noviembre de manera violenta, en la capital del estado.&nbsp;<\/p>\n\n\n\n<p>\u201cSabemos que la Fiscal\u00eda (General del Estado) ya est\u00e1 realizando la investigaci\u00f3n con perspectiva de g\u00e9nero y de interculturalidad, pero adem\u00e1s subrayamos la importancia de no perder de vista el an\u00e1lisis de contexto de los hechos, tomando en cuenta los factores socioculturales, a fin cumplir con la garant\u00eda al derecho a la verdad y a la justicia de las v\u00edctimas, sus familias y para toda la comunidad Triqui\u201d, destac\u00f3.<\/p>\n\n\n\n<p>Remarc\u00f3 la importancia de esclarecer los hechos a la brevedad, y procurar el derecho a la justicia, a fin de combatir la impunidad que lacera en este caso a las comunidades de personas atenci\u00f3n prioritaria, \u201cdonde el goce y disfrute de muchos de sus derechos humanos se ven agredidos por las condiciones de pobreza y discriminaci\u00f3n estructural, producto de las cuales surgen las diversas manifestaciones y luchas en que se encuentra inmersa la comunidad Triqui, condiciones todas que afectan de manera particular y con mas intensidad a las mujeres ind\u00edgenas\u201d.<\/p>\n\n\n\n<p>En su comunicado, la CNDH indic\u00f3 que ha acompa\u00f1ado a la comunidad Triqui a trav\u00e9s de su Cuarta Visitadur\u00eda y mediante el seguimiento a recomendaciones como la 36\/2022. Por lo cual, nos mantendremos atentos al desarrollo al caso\u201d.<\/p>\n\n\n\n<p>Llam\u00f3 a las autoridades del estado de Oaxaca a fin de que se garanticen las condiciones de seguridad necesarias para el pleno desarrollo y goce de los derechos econ\u00f3micos, sociales, culturales y ambientales de esta comunidad ind\u00edgena, al tiempo que se construyan las condiciones id\u00f3neas para el restablecimiento de una paz plena y firme que incluya a todas y todos los habitantes de esa regi\u00f3n.<\/p>\n","protected":false},"excerpt":{"rendered":"<p>Raymundo Morales\/Zona Roja. Oaxaca de Ju\u00e1rez, Oax., a 9 de noviembre de 2024.- Tras condenar&hellip;<\/p>\n","protected":false},"author":2,"featured_media":74322,"comment_status":"closed","ping_status":"open","sticky":false,"template":"","format":"standard","meta":{"_lmt_disableupdate":"","_lmt_disable":"","_jetpack_memberships_contains_paid_content":false,"footnotes":""},"categories":[109,47],"tags":[974],"class_list":["post-74321","post","type-post","status-publish","format-standard","has-post-thumbnail","hentry","category-minuto-a-minuto","category-zona-gris","tag-cndh-comision-nacional-de-derechos-humanos"],"jetpack_featured_media_url":"https:\/\/zonaroja.com.mx\/wp-content\/uploads\/2024\/11\/Mujeres-triquis-asesinadas-en-la-capital.jpg","jetpack_sharing_enabled":true,"_links":{"self":[{"href":"https:\/\/zonaroja.com.mx\/index.php?rest_route=\/wp\/v2\/posts\/74321","targetHints":{"allow":["GET"]}}],"collection":[{"href":"https:\/\/zonaroja.com.mx\/index.php?rest_route=\/wp\/v2\/posts"}],"about":[{"href":"https:\/\/zonaroja.com.mx\/index.php?rest_route=\/wp\/v2\/types\/post"}],"author":[{"embeddable":true,"href":"https:\/\/zonaroja.com.mx\/index.php?rest_route=\/wp\/v2\/users\/2"}],"replies":[{"embeddable":true,"href":"https:\/\/zonaroja.com.mx\/index.php?rest_route=%2Fwp%2Fv2%2Fcomments&post=74321"}],"version-history":[{"count":1,"href":"https:\/\/zonaroja.com.mx\/index.php?rest_route=\/wp\/v2\/posts\/74321\/revisions"}],"predecessor-version":[{"id":74323,"href":"https:\/\/zonaroja.com.mx\/index.php?rest_route=\/wp\/v2\/posts\/74321\/revisions\/74323"}],"wp:featuredmedia":[{"embeddable":true,"href":"https:\/\/zonaroja.com.mx\/index.php?rest_route=\/wp\/v2\/media\/74322"}],"wp:attachment":[{"href":"https:\/\/zonaroja.com.mx\/index.php?rest_route=%2Fwp%2Fv2%2Fmedia&parent=74321"}],"wp:term":[{"taxonomy":"category","embeddable":true,"href":"https:\/\/zonaroja.com.mx\/index.php?rest_route=%2Fwp%2Fv2%2Fcategories&post=74321"},{"taxonomy":"post_tag","embeddable":true,"href":"https:\/\/zonaroja.com.mx\/index.php?rest_route=%2Fwp%2Fv2%2Ftags&post=74321"}],"curies":[{"name":"wp","href":"https:\/\/api.w.org\/{rel}","templated":true}]}}