{"id":74326,"date":"2024-11-10T07:51:00","date_gmt":"2024-11-10T13:51:00","guid":{"rendered":"https:\/\/zonaroja.com.mx\/?p=74326"},"modified":"2024-11-10T07:04:18","modified_gmt":"2024-11-10T13:04:18","slug":"tras-concluir-rehabilitacion-reabren-panteon-general-y-templo-de-la-merced","status":"publish","type":"post","link":"https:\/\/zonaroja.com.mx\/?p=74326","title":{"rendered":"Tras concluir rehabilitaci\u00f3n, reabren Pante\u00f3n General y templo de La Merced"},"content":{"rendered":"\n<p>Raymundo Morales\/Zona Roja.<\/p>\n\n\n\n<p>Oaxaca de Ju\u00e1rez, Oax. 10 de noviembre de 2024.- Autoridades estatales y federales dieron por concluidos los trabajos de rehabilitaci\u00f3n del Pante\u00f3n General y el templo de La Merced de la ciudad de Oaxaca, que fueron reabiertos al p\u00fablico.<\/p>\n\n\n\n<p>En el caso del pante\u00f3n conocido como de \u201cSan Miguel\u201d, luego de un a\u00f1o de trabajos de restauraci\u00f3n y limpieza, el gobernador Salom\u00f3n Jara Cruz encabez\u00f3 la reapertura este espacio, que es un emblema y patrimonio cultural de la capital oaxaque\u00f1a, con una inversi\u00f3n de m\u00e1s de 32 millones de pesos.&nbsp;<\/p>\n\n\n\n<p>Acompa\u00f1ado por la presidenta honoraria del DIF Oaxaca, Irma Bola\u00f1os, el mandatario estatal extern\u00f3 que, la importancia de la rehabilitaci\u00f3n del camposanto recae en todo el contenido hist\u00f3rico que posee, pues ha sido testigo de las tradiciones del pueblo oaxaque\u00f1o y representa un lugar de respeto y reconocimiento donde yacen familiares y seres queridos de la poblaci\u00f3n.&nbsp;<\/p>\n\n\n\n<p>Agradeci\u00f3 a todas las personas involucradas en dichos trabajos y el apoyo de los Institutos Nacional de Antropolog\u00eda e Historia (INAH) y de Patrimonio Cultural del Estado de Oaxaca (Inpac), pues se restauraron y sustituyeron los corredores norte, sur, este y oeste, las arcadas que ten\u00edan grietas, as\u00ed como las cuarteaduras de los muros y liberaci\u00f3n del enladrillado en la zona de criptas.&nbsp;<\/p>\n\n\n\n<p>LA MERCED<\/p>\n\n\n\n<p>Previo a ello y en atenci\u00f3n al rescate del patrimonio hist\u00f3rico de la zona centro de la capital oaxaque\u00f1a, el Gobernador del Estado encabez\u00f3 la reapertura del Templo de Nuestra Se\u00f1ora de la Merced, tras los trabajos de restauraci\u00f3n realizados, con una inversi\u00f3n de m\u00e1s de 31 millones de pesos.&nbsp;<\/p>\n\n\n\n<p>Jara Cruz explic\u00f3 que este recinto que data del siglo XVII estuvo cerrado 12 a\u00f1os, debido a las m\u00faltiples afectaciones que ten\u00eda en su estructura, ya que la c\u00fapula era muy pesada, representando un peligro para feligreses y personal eclesi\u00e1stico.&nbsp;<\/p>\n\n\n\n<p>\u201cCon esta entrega refrendamos nuestro compromiso con la salvaguarda de los monumentos, parte esencial del encanto del Centro Hist\u00f3rico de la Ciudad de Oaxaca, Patrimonio Cultural de la Humanidad\u201d, enfatiz\u00f3.&nbsp;<\/p>\n\n\n\n<p>Asimismo, agradeci\u00f3 al equipo de especialistas de los Institutos Nacional de Antropolog\u00eda e Historia (INAH) la labor realizada en el rescate de esta iglesia, quienes no solo buscaron mantener la integridad de quienes asisten, sino tambi\u00e9n la belleza que posee. En tanto, hizo entrega de un acta que avala estos trabajos a las autoridades eclesi\u00e1sticas.&nbsp;<\/p>\n\n\n\n<p>Por su parte, el titular del Instituto del Patrimonio Cultural de Oaxaca (Inpac), Fernando Molina Herbert reconoci\u00f3 el impulso del Gobierno del Estado para la realizaci\u00f3n de estas actividades, ya que aunado al excesivo peso de la c\u00fapula, un sismo en 2012 amerit\u00f3 el cierre de este hist\u00f3rico edificio para su uso, quedando desprovisto de atenci\u00f3n desde 2014 y al que se sumaron afectaciones con los sismos de 2017.\u00a0<\/p>\n\n\n\n<figure class=\"wp-block-embed is-type-rich is-provider-twitter wp-block-embed-twitter\"><div class=\"wp-block-embed__wrapper\">\n<div class=\"twitter-tweet\"><blockquote class=\"twitter-tweet\" data-lang=\"es\"><p lang=\"zxx\" dir=\"ltr\"><a href=\"https:\/\/t.co\/38RIhtqfqI\">pic.twitter.com\/38RIhtqfqI<\/a><\/p>&mdash; Salom\u00f3n Jara Cruz (@salomonj) <a href=\"https:\/\/twitter.com\/salomonj\/status\/1855372023666774267?ref_src=twsrc%5Etfw\">9 de noviembre de 2024<\/a><\/blockquote><\/div>\n<\/div><\/figure>\n","protected":false},"excerpt":{"rendered":"<p>Raymundo Morales\/Zona Roja. Oaxaca de Ju\u00e1rez, Oax. 10 de noviembre de 2024.- Autoridades estatales y&hellip;<\/p>\n","protected":false},"author":2,"featured_media":74327,"comment_status":"closed","ping_status":"open","sticky":false,"template":"","format":"standard","meta":{"_lmt_disableupdate":"","_lmt_disable":"","_jetpack_memberships_contains_paid_content":false,"footnotes":""},"categories":[109,46],"tags":[939],"class_list":["post-74326","post","type-post","status-publish","format-standard","has-post-thumbnail","hentry","category-minuto-a-minuto","category-zona-blanca","tag-salomon-jara-cruz"],"jetpack_featured_media_url":"https:\/\/zonaroja.com.mx\/wp-content\/uploads\/2024\/11\/Inmauguracion-rehabilitacion-panteon.jpeg","jetpack_sharing_enabled":true,"_links":{"self":[{"href":"https:\/\/zonaroja.com.mx\/index.php?rest_route=\/wp\/v2\/posts\/74326","targetHints":{"allow":["GET"]}}],"collection":[{"href":"https:\/\/zonaroja.com.mx\/index.php?rest_route=\/wp\/v2\/posts"}],"about":[{"href":"https:\/\/zonaroja.com.mx\/index.php?rest_route=\/wp\/v2\/types\/post"}],"author":[{"embeddable":true,"href":"https:\/\/zonaroja.com.mx\/index.php?rest_route=\/wp\/v2\/users\/2"}],"replies":[{"embeddable":true,"href":"https:\/\/zonaroja.com.mx\/index.php?rest_route=%2Fwp%2Fv2%2Fcomments&post=74326"}],"version-history":[{"count":1,"href":"https:\/\/zonaroja.com.mx\/index.php?rest_route=\/wp\/v2\/posts\/74326\/revisions"}],"predecessor-version":[{"id":74328,"href":"https:\/\/zonaroja.com.mx\/index.php?rest_route=\/wp\/v2\/posts\/74326\/revisions\/74328"}],"wp:featuredmedia":[{"embeddable":true,"href":"https:\/\/zonaroja.com.mx\/index.php?rest_route=\/wp\/v2\/media\/74327"}],"wp:attachment":[{"href":"https:\/\/zonaroja.com.mx\/index.php?rest_route=%2Fwp%2Fv2%2Fmedia&parent=74326"}],"wp:term":[{"taxonomy":"category","embeddable":true,"href":"https:\/\/zonaroja.com.mx\/index.php?rest_route=%2Fwp%2Fv2%2Fcategories&post=74326"},{"taxonomy":"post_tag","embeddable":true,"href":"https:\/\/zonaroja.com.mx\/index.php?rest_route=%2Fwp%2Fv2%2Ftags&post=74326"}],"curies":[{"name":"wp","href":"https:\/\/api.w.org\/{rel}","templated":true}]}}