{"id":74332,"date":"2024-11-10T13:00:00","date_gmt":"2024-11-10T19:00:00","guid":{"rendered":"https:\/\/zonaroja.com.mx\/?p=74332"},"modified":"2024-11-10T07:09:14","modified_gmt":"2024-11-10T13:09:14","slug":"opinion-adriana-y-virginia","status":"publish","type":"post","link":"https:\/\/zonaroja.com.mx\/?p=74332","title":{"rendered":"Opini\u00f3n. Adriana y Virginia"},"content":{"rendered":"\n<p>Soledad Jarqu\u00edn Edgar*\/SemM\u00e9xico<\/p>\n\n\n\n<p>El violento asesinato de Virginia y Adriana Ortiz Garc\u00eda pone en evidencia la legendaria incapacidad de los gobiernos para resolver un a\u00f1ejo problema que inici\u00f3 cuando grupos caciquiles priistas se metieron de lleno a la vida del pueblo triqui, castigando a muchas familias, pero las mujeres se convirtieron en el bot\u00edn, como est\u00e1 debidamente documentado.&nbsp;<\/p>\n\n\n\n<p>En los \u00faltimos 20 a\u00f1os, desde que conozco a las mujeres de la familia Ortiz Garc\u00eda, el recuento es lamentable y es todav\u00eda m\u00e1s terrible la respuesta de los gobiernos de Oaxaca que han sido mayoritariamente priistas, seguido del hibrido que llev\u00f3 al poder a Gabino Cu\u00e9 y el actual de Morena, que encabeza Salom\u00f3n Jara Cruz, a todos sin excepci\u00f3n les ha sido m\u00e1s f\u00e1cil administrar el problema que encontrar una soluci\u00f3n.<\/p>\n\n\n\n<p>En M\u00e9xico hay un recuento de la violencia contra las mujeres ind\u00edgenas \u2013 mujeres son objeto de torturas f\u00edsicas y ps\u00edquicas, desapariciones, violaciones y desplazamientos forzado y feminicidios- tienen que ver con la presencia de militares, paramilitares y por supuesto tambi\u00e9n como resultado de problemas internos, m\u00e1s la presencia del crimen organizado. El problema no se extingue se extiende. La gravedad de esta violencia ha tenido su centro en la impunidad provocada por la inacci\u00f3n, el no cumplimiento de su deber, la incapacidad que se revela en las investigaciones que nunca llegan a ning\u00fan lado, responsabilidad del Estado mexicano y sus instituciones.<\/p>\n\n\n\n<p>La etnia triqui asentada en unos 500 kil\u00f3metros cuadrados, en los distritos de Putla, Tlaxiaco y Juxtlahuaca, es una incisi\u00f3n del pueblo mixteco lo que habr\u00eda ocurrido hace 3500 a\u00f1os atr\u00e1s. Este territorio ha sido de disputa sistem\u00e1tica, lo que llev\u00f3 a la creaci\u00f3n del MULT, organizaci\u00f3n que enfrent\u00f3 las arbitrarias acciones de mestizos contra este grupo ind\u00edgena solapados por caciques priistas, la respuesta del Estado fue instalar en la zona un destacamento militar. Con los a\u00f1os apareci\u00f3 Ubisort y m\u00e1s recientemente el MULTI. Entre los tres grupos hay una rivalidad con el doloroso costo de p\u00e9rdida de vidas.&nbsp;<\/p>\n\n\n\n<p>Las mujeres familia Ortiz Garc\u00eda y parientas cercanas han sido objeto sistem\u00e1tico de estas violencias. Antonia fue violentada por militares en la d\u00e9cada de los ochenta, estos pretend\u00edan que les diera el paradero su esposo, incluso amenazaron con colgarla. Poco m\u00e1s de 20 a\u00f1os despu\u00e9s sus hijas Virginia de 20 a\u00f1os y Daniela de 14 fueron desaparecidas en un trayecto de menos de tres horas iban de El Rastrojo a San Marcos Xinicuesta. De la profesora biling\u00fce y estudiante de secundaria nada se sabe hasta hoy, esos hechos ocurrieron el 5 de julio de 2007.&nbsp; Un a\u00f1o antes, a principios de 2006, conoc\u00ed Emelia y Adriana Ortiz Garc\u00eda, cuando dieron una conferencia de prensa en la Liga Mexicana de Defensa de los Derechos Humanos, entonces dirigida por Y\u00e9sica S\u00e1nchez Maya.<\/p>\n\n\n\n<p>Hemos seguido de cerca a esta familia, que se tuvo que instalar en la ciudad de Oaxaca, se dedica a la venta de artesan\u00edas en la Alameda de Le\u00f3n. Hemos visto crecer a sus hijos. Lo que nunca vimos fue justicia. Emelia y el resto de sus hermanas han luchado incansablemente por la aparici\u00f3n de sus primas y han denunciado otros muchos actos violentos contra sus paisanos. Son defensoras de derechos humanos. Incluso Emelia es la que m\u00e1s ha vuelto a San Juan Copala buscando dar forma a un sue\u00f1o que ha acariciado desde hace muchos a\u00f1os, pacificar su pueblo a partir de la cultura.&nbsp;<\/p>\n\n\n\n<p>Pocos minutos despu\u00e9s de la media noche del martes o en los primeros minutos del mi\u00e9rcoles pasado, fueron asesinadas sus hermanas Virginia y Adriana, atacadas por dos sujetos que viajaban en motocicletas, uno de los cuales dispar\u00f3. Este artero crimen ha sido un aviso para Emelia, la m\u00e1s visible de todas ellas y cuyo \u00fanico pecado es pretender pacificar a su pueblo y exigir justicia para sus primas, ahora seguramente lo har\u00e1 tambi\u00e9n por sus hermanas.<\/p>\n\n\n\n<p>Pero insisto, nada de esto estar\u00eda pasando si las autoridades hicieron su trabajo. Podemos hablar de una larga lista de ex secretarios de Gobierno que han ocupado el puesto sin resolver de fondo el problema, han banalizado, minimizado y normalizado la violencia, adem\u00e1s de culpabilizar al pueblo triqui de ser los \u00fanicos responsables de su atraso y beligerancia.&nbsp;<\/p>\n\n\n\n<p>Han hecho supuestas mesas de di\u00e1logo y paz y nada m\u00e1s no pueden con el paquete porque insisten en ser conquistadores y no escuchan a la gente. La triqui es una postal de los a\u00f1os cincuenta, siguen los mismos rezagos. Lo peor es que han corrompido a muchos y muchas de quienes liderean los grupos antag\u00f3nicos al MULT, otros caminan impunemente por las calles a pesar de que cuentan con \u00f3rdenes de aprehensi\u00f3n en su contra y, claro, muchos pol\u00edticos de todos los partidos se han beneficiado de este grupo \u00e9tnico.&nbsp;<\/p>\n\n\n\n<p>Y qu\u00e9 decir del sistema de justicia, ll\u00e1mese Tribunal Estatal de Justicia o Fiscal\u00eda General de Justicia porque cuando no es por una cosa es por otra, el punto es que nada hicieron para detener la violencia. No pudieron obtener ninguna informaci\u00f3n sobre el paradero de Virginia y Daniela a pesar de que hubo personas se\u00f1aladas como responsables, como la misma Emelia Ortiz Garc\u00eda lo escribe en su libro: Quiero a mis primas de vuelta\u2026quiero paz. Lo que ha ocurrido despu\u00e9s son venganzas, azuzadas por uno que otro integrante del gobierno.<\/p>\n\n\n\n<p>Hay una ausencia tremenda de las autoridades de Oaxaca, ni que decir de la Secretar\u00eda de la Mujer y sus antecedentes de la flamante Secretar\u00eda de Interculturalidad, Pueblos y Comunidades Ind\u00edgenas y Afromexicanas, son una nulidad en la atenci\u00f3n a la comunidad triqui y en espec\u00edfico a las mujeres. Sin olvidar el papel del Instituto Nacional de los Pueblos Ind\u00edgenas de Adelfo Regino, por cierto, oaxaque\u00f1o.<\/p>\n\n\n\n<p>Ojal\u00e1 que la muerte de Virginia y Adriana no queden impunes como s\u00ed ha ocurrido con una enorme mayor\u00eda de hechos violentos ocurridos contra mujeres y hombres de la etnia triqui. Ojal\u00e1 que el Mecanismo de Protecci\u00f3n para personas defensoras y periodistas vuelvan su rostro y brinden seguridad a la familia Ortiz Garc\u00eda, s\u00f3lo hay que recordar que al fundador del Movimiento de Unificaci\u00f3n y Lucha&nbsp;Triqui&nbsp;(MULT),&nbsp;Juan Domingo P\u00e9rez Castillo, familiar de las defensoras asesinadas la madrugada de este mi\u00e9rcoles, reci\u00e9n le hab\u00edan retirado las medidas de protecci\u00f3n por parte del Estado. Ojal\u00e1 que quien decidi\u00f3 hacer esto duerma tranquilo, pero la verdad lo dudo.<\/p>\n\n\n\n<p>*Periodista y activista feminista.<\/p>\n","protected":false},"excerpt":{"rendered":"<p>Soledad Jarqu\u00edn Edgar*\/SemM\u00e9xico El violento asesinato de Virginia y Adriana Ortiz Garc\u00eda pone en evidencia&hellip;<\/p>\n","protected":false},"author":2,"featured_media":68029,"comment_status":"closed","ping_status":"open","sticky":false,"template":"","format":"standard","meta":{"_lmt_disableupdate":"","_lmt_disable":"","_jetpack_memberships_contains_paid_content":false,"footnotes":""},"categories":[456,109],"tags":[1105],"class_list":["post-74332","post","type-post","status-publish","format-standard","has-post-thumbnail","hentry","category-columna","category-minuto-a-minuto","tag-soledad-jarquin-edgar"],"jetpack_featured_media_url":"https:\/\/zonaroja.com.mx\/wp-content\/uploads\/2024\/05\/Soledad-Jarquin-Edgar.jpg","jetpack_sharing_enabled":true,"_links":{"self":[{"href":"https:\/\/zonaroja.com.mx\/index.php?rest_route=\/wp\/v2\/posts\/74332","targetHints":{"allow":["GET"]}}],"collection":[{"href":"https:\/\/zonaroja.com.mx\/index.php?rest_route=\/wp\/v2\/posts"}],"about":[{"href":"https:\/\/zonaroja.com.mx\/index.php?rest_route=\/wp\/v2\/types\/post"}],"author":[{"embeddable":true,"href":"https:\/\/zonaroja.com.mx\/index.php?rest_route=\/wp\/v2\/users\/2"}],"replies":[{"embeddable":true,"href":"https:\/\/zonaroja.com.mx\/index.php?rest_route=%2Fwp%2Fv2%2Fcomments&post=74332"}],"version-history":[{"count":1,"href":"https:\/\/zonaroja.com.mx\/index.php?rest_route=\/wp\/v2\/posts\/74332\/revisions"}],"predecessor-version":[{"id":74333,"href":"https:\/\/zonaroja.com.mx\/index.php?rest_route=\/wp\/v2\/posts\/74332\/revisions\/74333"}],"wp:featuredmedia":[{"embeddable":true,"href":"https:\/\/zonaroja.com.mx\/index.php?rest_route=\/wp\/v2\/media\/68029"}],"wp:attachment":[{"href":"https:\/\/zonaroja.com.mx\/index.php?rest_route=%2Fwp%2Fv2%2Fmedia&parent=74332"}],"wp:term":[{"taxonomy":"category","embeddable":true,"href":"https:\/\/zonaroja.com.mx\/index.php?rest_route=%2Fwp%2Fv2%2Fcategories&post=74332"},{"taxonomy":"post_tag","embeddable":true,"href":"https:\/\/zonaroja.com.mx\/index.php?rest_route=%2Fwp%2Fv2%2Ftags&post=74332"}],"curies":[{"name":"wp","href":"https:\/\/api.w.org\/{rel}","templated":true}]}}