{"id":74334,"date":"2024-11-10T14:00:00","date_gmt":"2024-11-10T20:00:00","guid":{"rendered":"https:\/\/zonaroja.com.mx\/?p=74334"},"modified":"2024-11-10T07:13:49","modified_gmt":"2024-11-10T13:13:49","slug":"en-el-mundo-un-menor-muere-por-violencia-cada-cuatro-minutos-unicef","status":"publish","type":"post","link":"https:\/\/zonaroja.com.mx\/?p=74334","title":{"rendered":"En el mundo un menor muere por violencia cada cuatro minutos: Unicef"},"content":{"rendered":"\n<p>Redacci\u00f3n\/Zona Roja Cdmx.<\/p>\n\n\n\n<p>Ciudad de M\u00e9xico, a 10 de noviembre de 2024.- Al menos un ni\u00f1o o ni\u00f1a muere en el mundo cada cuatro minutos por un acto de violencia, revel\u00f3 el Fondo de las Naciones Unidas para la Infancia (Unicef) en la Conferencia Ministerial Mundial para poner fin a la violencia contra la infancia, en Bogot\u00e1.<\/p>\n\n\n\n<p>\u201cCada a\u00f1o, la violencia se cobra la vida de un promedio de 130 mil ni\u00f1os, ni\u00f1as y adolescentes menores de 20 a\u00f1os\u201d, detall\u00f3 Unicef en un comunicado.<\/p>\n\n\n\n<p>Seg\u00fan las cifras de esta organizaci\u00f3n, al menos 90 millones de ni\u00f1os y ni\u00f1as vivos han sufrido violencia sexual, mientras que 650 millones de mujeres fueron v\u00edctimas de abusos en su infancia, de las cuales m\u00e1s de 370 millones sufrieron violaciones o agresiones sexuales.<\/p>\n\n\n\n<p>Unicef tambi\u00e9n alert\u00f3 que casi 50 millones de mujeres adolescentes (entre 15 y 19 a\u00f1os) son v\u00edctimas de violencia f\u00edsica o sexual por parte de sus esposos o compa\u00f1eros sentimentales en el \u00faltimo a\u00f1o.<\/p>\n\n\n\n<p>\u201cEntre 410 y 530 millones de ni\u00f1os varones y hombres (aproximadamente 1 de cada 7) sufrieron episodios de violencia sexual en la infancia, incluidos entre 240 y 310 millones (aproximadamente 1 de cada 11) que fueron violados o agredidos sexualmente\u201d, agreg\u00f3 ese organismo.<\/p>\n\n\n\n<p>Igualmente, unos mil 600 millones de ni\u00f1os y ni\u00f1as sufren castigos violentos en su casa de forma habitual y de ellos dos de cada tres sufren agresiones f\u00edsicas y psicol\u00f3gicas.<\/p>\n\n\n\n<p>\u201cSomos la primera generaci\u00f3n plenamente consciente de la incidencia, las causas y los costes de la violencia contra la infancia, y la primera en conocer las soluciones que dan resultado\u201d, afirm\u00f3 la directora de Protecci\u00f3n de la infancia de Unicef, Sheema SenGupta.<\/p>\n\n\n\n<p>Agreg\u00f3 que si el mundo invierte \u201cen medidas de prevenci\u00f3n, en educaci\u00f3n y en servicios de apoyo\u201d, podr\u00e1 \u201cromper el ciclo de la violencia y construir un mundo en el que los ni\u00f1os y ni\u00f1as est\u00e9n seguros\u201d.<\/p>\n\n\n\n<p>Por eso, Unicef considera que esta conferencia ministerial supone una oportunidad para intensificar los esfuerzos que buscan poner fin a la violencia contra la ni\u00f1ez.<\/p>\n\n\n\n<p>Desde el jueves y hasta este viernes, un centenar de ministros y representantes de todo el mundo est\u00e1n reunidos en Bogot\u00e1 para hablar de temas como el acoso escolar, la violencia digital, el castigo corporal, el reclutamiento o los abusos.<\/p>\n\n\n\n<p>Esta conferencia es organizada por los gobiernos de Colombia y Suecia; la Organizaci\u00f3n Mundial de la Salud (OMS); la Representante Especial sobre la Violencia contra los Ni\u00f1os, y Unicef y es la primera vez que se re\u00fanen tantos pa\u00edses para hablar de este tema.<\/p>\n\n\n\n<p>(Con informaci\u00f3n de EFE en L\u00f3pez-D\u00f3riga Digital)<\/p>\n","protected":false},"excerpt":{"rendered":"<p>Redacci\u00f3n\/Zona Roja Cdmx. Ciudad de M\u00e9xico, a 10 de noviembre de 2024.- Al menos un&hellip;<\/p>\n","protected":false},"author":2,"featured_media":65707,"comment_status":"closed","ping_status":"open","sticky":false,"template":"","format":"standard","meta":{"_lmt_disableupdate":"","_lmt_disable":"","_jetpack_memberships_contains_paid_content":false,"footnotes":""},"categories":[109,47],"tags":[],"class_list":["post-74334","post","type-post","status-publish","format-standard","has-post-thumbnail","hentry","category-minuto-a-minuto","category-zona-gris"],"jetpack_featured_media_url":"https:\/\/zonaroja.com.mx\/wp-content\/uploads\/2024\/02\/violencia-agresion-sexual-delito-sexual.jpg","jetpack_sharing_enabled":true,"_links":{"self":[{"href":"https:\/\/zonaroja.com.mx\/index.php?rest_route=\/wp\/v2\/posts\/74334","targetHints":{"allow":["GET"]}}],"collection":[{"href":"https:\/\/zonaroja.com.mx\/index.php?rest_route=\/wp\/v2\/posts"}],"about":[{"href":"https:\/\/zonaroja.com.mx\/index.php?rest_route=\/wp\/v2\/types\/post"}],"author":[{"embeddable":true,"href":"https:\/\/zonaroja.com.mx\/index.php?rest_route=\/wp\/v2\/users\/2"}],"replies":[{"embeddable":true,"href":"https:\/\/zonaroja.com.mx\/index.php?rest_route=%2Fwp%2Fv2%2Fcomments&post=74334"}],"version-history":[{"count":1,"href":"https:\/\/zonaroja.com.mx\/index.php?rest_route=\/wp\/v2\/posts\/74334\/revisions"}],"predecessor-version":[{"id":74335,"href":"https:\/\/zonaroja.com.mx\/index.php?rest_route=\/wp\/v2\/posts\/74334\/revisions\/74335"}],"wp:featuredmedia":[{"embeddable":true,"href":"https:\/\/zonaroja.com.mx\/index.php?rest_route=\/wp\/v2\/media\/65707"}],"wp:attachment":[{"href":"https:\/\/zonaroja.com.mx\/index.php?rest_route=%2Fwp%2Fv2%2Fmedia&parent=74334"}],"wp:term":[{"taxonomy":"category","embeddable":true,"href":"https:\/\/zonaroja.com.mx\/index.php?rest_route=%2Fwp%2Fv2%2Fcategories&post=74334"},{"taxonomy":"post_tag","embeddable":true,"href":"https:\/\/zonaroja.com.mx\/index.php?rest_route=%2Fwp%2Fv2%2Ftags&post=74334"}],"curies":[{"name":"wp","href":"https:\/\/api.w.org\/{rel}","templated":true}]}}