{"id":7434,"date":"2020-01-08T09:59:24","date_gmt":"2020-01-08T15:59:24","guid":{"rendered":"http:\/\/www.zonaroja.com.mx\/?p=7434"},"modified":"2020-01-08T09:59:24","modified_gmt":"2020-01-08T15:59:24","slug":"gobierna-ambulantaje-en-centro-historico-de-oaxaca-edil-los-solapa","status":"publish","type":"post","link":"https:\/\/zonaroja.com.mx\/?p=7434","title":{"rendered":"Gobierna ambulantaje en Centro Hist\u00f3rico de Oaxaca; edil los solapa"},"content":{"rendered":"\n<p>Yuridiana\nSosa\/Zona Roja.<\/p>\n\n\n\n<p>Oaxaca\nde Ju\u00e1rez, Oax., 8 de enero de 2020.- Voraces, incontrolables y bajo mentiras,\nlos vendedores informales provenientes de otras entidades del pa\u00eds se\napoderaron de las calles del Centro Hist\u00f3rico de Oaxaca durante la temporada\ndecembrina.<\/p>\n\n\n\n<p>\u201c\u00a1Cobijas\nartesanales de Mitla, colcha de temporada, son hechas en telar!\u201d, promueve un\nvendedor con acento chilango mientras exhibe extendida la prenda de cama, quien\nsostiene la mentira ante la pregunta curiosa de un paseante.<\/p>\n\n\n\n<p>As\u00ed\nqued\u00f3 exhibido un vendedor callejero for\u00e1neo en el video que grab\u00f3 uno de los\nintegrantes del Asociaci\u00f3n Civil Consejo del Centro Hist\u00f3rico de Oaxaca la\nnoche de este lunes, cuando evidenciaba la numerosa presencia de ambulantes en\nel andador tur\u00edstico de la capital.<\/p>\n\n\n\n<p>En\nsu paso por el andador, la comerciante oaxaque\u00f1a describe que entre los puestos\nambulantes se encuentra la venta de textiles y art\u00edculos de otras entidades,\ncomo de Guerrero, Chiapas, Estado de M\u00e9xico y hasta piezas elaboradas por \u201chippies\u201d.<\/p>\n\n\n\n<p>Fue\nen ese trayecto donde se escucha la oferta de un joven, quien sostiene la\ncolcha con dise\u00f1os ajenos a los elaborados por los artesanos de San Pablo Villa\nde Mitla, Pueblo M\u00e1gico, de los Valles Centrales de Oaxaca.<\/p>\n\n\n\n<p>\u201c\u00a1Esto\nno es de Mitla!\u201d \u201c\u00a1Esto es de m\u00e1quina!\u201d, revira la oaxaque\u00f1a. Pero el vendedor\ninsiste en su venta, como lo hace frente a cientos de paseantes nacionales y\nextranjeros.<\/p>\n\n\n\n<p>OMISO\nGARC\u00cdA JARQU\u00cdN<\/p>\n\n\n\n<p>Esta\nno es la primera vez que el Consejo del Centro Hist\u00f3rico de Oaxaca denuncia el\nabuso de los ambulantes en ocupar las calles, as\u00ed como de la omisi\u00f3n de las\nautoridades municipales a cargo del edil morenista, Oswaldo Garc\u00eda Jarqu\u00edn,\npara retirarlos.<\/p>\n\n\n\n<p>La\nAlianza Empresarial y Comercial de Oaxaca (AECO) tambi\u00e9n se\u00f1al\u00f3 que el\npresidente hace caso omiso de las peticiones para establecer una mesa de\ndi\u00e1logo entre el sector empresarial y las autoridades para dar soluci\u00f3n a los\nproblemas que el ambulantaje genera al comercio establecido.<\/p>\n\n\n\n<p>La\npresidenta de AECO, Esther Merino Badiola, se\u00f1al\u00f3 que la tolerancia del\ngobierno municipal puede obedecer al pago de entre ocho mil y nueve mil pesos\nque las organizaciones de vendedores pagan por permanecer en la calle durante\nsupuestos periodos.<\/p>\n\n\n\n<p>Desde\nhace unas tres administraciones, dijo, no se hab\u00eda percibido un crecimiento\ndesmedido del ambulantaje, pues tan s\u00f3lo en el primer a\u00f1o de administraci\u00f3n de\nGarc\u00eda Jarqu\u00edn se coparon las calles de informalidad.<\/p>\n","protected":false},"excerpt":{"rendered":"<p>Yuridiana Sosa\/Zona Roja. Oaxaca de Ju\u00e1rez, Oax., 8 de enero de 2020.- Voraces, incontrolables y&hellip;<\/p>\n","protected":false},"author":2,"featured_media":7435,"comment_status":"closed","ping_status":"open","sticky":false,"template":"","format":"standard","meta":{"_lmt_disableupdate":"","_lmt_disable":"","_jetpack_memberships_contains_paid_content":false,"footnotes":""},"categories":[109,47],"tags":[148],"class_list":["post-7434","post","type-post","status-publish","format-standard","has-post-thumbnail","hentry","category-minuto-a-minuto","category-zona-gris","tag-oaxaca-de-juarez"],"jetpack_featured_media_url":"https:\/\/zonaroja.com.mx\/wp-content\/uploads\/2020\/01\/IMG_4530.jpg","jetpack_sharing_enabled":true,"_links":{"self":[{"href":"https:\/\/zonaroja.com.mx\/index.php?rest_route=\/wp\/v2\/posts\/7434","targetHints":{"allow":["GET"]}}],"collection":[{"href":"https:\/\/zonaroja.com.mx\/index.php?rest_route=\/wp\/v2\/posts"}],"about":[{"href":"https:\/\/zonaroja.com.mx\/index.php?rest_route=\/wp\/v2\/types\/post"}],"author":[{"embeddable":true,"href":"https:\/\/zonaroja.com.mx\/index.php?rest_route=\/wp\/v2\/users\/2"}],"replies":[{"embeddable":true,"href":"https:\/\/zonaroja.com.mx\/index.php?rest_route=%2Fwp%2Fv2%2Fcomments&post=7434"}],"version-history":[{"count":2,"href":"https:\/\/zonaroja.com.mx\/index.php?rest_route=\/wp\/v2\/posts\/7434\/revisions"}],"predecessor-version":[{"id":7437,"href":"https:\/\/zonaroja.com.mx\/index.php?rest_route=\/wp\/v2\/posts\/7434\/revisions\/7437"}],"wp:featuredmedia":[{"embeddable":true,"href":"https:\/\/zonaroja.com.mx\/index.php?rest_route=\/wp\/v2\/media\/7435"}],"wp:attachment":[{"href":"https:\/\/zonaroja.com.mx\/index.php?rest_route=%2Fwp%2Fv2%2Fmedia&parent=7434"}],"wp:term":[{"taxonomy":"category","embeddable":true,"href":"https:\/\/zonaroja.com.mx\/index.php?rest_route=%2Fwp%2Fv2%2Fcategories&post=7434"},{"taxonomy":"post_tag","embeddable":true,"href":"https:\/\/zonaroja.com.mx\/index.php?rest_route=%2Fwp%2Fv2%2Ftags&post=7434"}],"curies":[{"name":"wp","href":"https:\/\/api.w.org\/{rel}","templated":true}]}}