{"id":74344,"date":"2024-11-10T11:39:00","date_gmt":"2024-11-10T17:39:00","guid":{"rendered":"https:\/\/zonaroja.com.mx\/?p=74344"},"modified":"2024-11-10T07:40:01","modified_gmt":"2024-11-10T13:40:01","slug":"marchan-en-valencia-contra-autoridad-tras-desastre-que-dejo-220-muertos","status":"publish","type":"post","link":"https:\/\/zonaroja.com.mx\/?p=74344","title":{"rendered":"Marchan en Valencia contra autoridad, tras desastre que dej\u00f3 220 muertos"},"content":{"rendered":"\n<p>Redacci\u00f3n\/Zona Roja Cdmx.<\/p>\n\n\n\n<p>Ciudad de M\u00e9xico, a 19 de noviembre de 2024.-&nbsp;Con gritos de \u201casesino\u201d, \u201ccriminal\u201d, \u201csinverg\u00fcenza\u201d y \u201cMaz\u00f3n a prisi\u00f3n\u201d, entre otros, miles de personas se manifestaron ayer en el centro de Valencia para denunciar la gesti\u00f3n de la crisis provocada por las lluvias torrenciales por parte del presidente del gobierno auton\u00f3mico valenciano, el derechista Carlos Maz\u00f3n.&nbsp;<\/p>\n\n\n\n<p>La protesta, convocada por plataformas y asociaciones de la izquierda y el nacionalismo de la regi\u00f3n, transcurri\u00f3 en silencio, s\u00f3lo roto por las decenas de ciudadanos que exigieron a todo pulm\u00f3n la dimisi\u00f3n de Maz\u00f3n y sus principales colaboradores, a los que tambi\u00e9n tildaron de \u201cineptos\u201d e \u201cincompetentes\u201d.<\/p>\n\n\n\n<p>Durante la marcha tambi\u00e9n se escucharon algunas cr\u00edticas a la actuaci\u00f3n del Ejecutivo espa\u00f1ol, presidido por el socialista Pedro S\u00e1nchez, con gritos como \u201cS\u00e1nchez y Maz\u00f3n, la misma mierda son\u201d, ya que seg\u00fan numerosos damnificados de las lluvias torrenciales el mandatario espa\u00f1ol no moviliz\u00f3 a tiempo a los efectivos del Ej\u00e9rcito especializados en tareas de emergencias y rescate.<\/p>\n\n\n\n<p>Por se\u00f1al de duelo y respeto a los familiares y personas que han perdido a alg\u00fan ser querido y sigue en b\u00fasqueda de saber su paradero, las asociaciones que convocaron la manifestaci\u00f3n pidieron a los asistentes que se marchara en silencio y sin que al final de la concentraci\u00f3n se realizaran discursos pol\u00edticos.&nbsp;<\/p>\n\n\n\n<p>El \u00fanico mensaje n\u00edtido y rotundo que quer\u00edan expresar era de la dimisi\u00f3n inmediata del m\u00e1ximo responsable en la regi\u00f3n de la gesti\u00f3n de la crisis, el derechista Carlos Maz\u00f3n, quien el mismo d\u00eda de las lluvias torrenciales lleg\u00f3 m\u00e1s de dos horas tarde a la reuni\u00f3n del comit\u00e9 de crisis y emergencia y que ha dado varias versiones sobre asuntos tan sensibles y vitales como la activaci\u00f3n de las alertas y la movilizaci\u00f3n de los equipos de emergencia.&nbsp;<\/p>\n\n\n\n<p>Pero finalmente el silencio se transform\u00f3 en gritos de ira y repulsa y en silbidos constantes y sonoros contra los responsables de la gesti\u00f3n de la crisis, sobre todo contra las autoridades auton\u00f3micas.<\/p>\n\n\n\n<p>La DANA del martes 29 de octubre en el sureste espa\u00f1ol, sobre todo en Valencia, es uno de los peores desastres naturales en la historia del pa\u00eds, con un saldo provisional de 220 personas fallecidas -de las cuales 212 fueron en Valencia- y m\u00e1s de 36 mil 500 personas rescatadas. Adem\u00e1s todav\u00eda hay en paradero desconocido 50 personas y alrededor de 71 pueblos afectados por las lluvias torrenciales, en los que viven 845 mil personas, lo que representa un 31,8 por ciento de la poblaci\u00f3n de la comunidad aut\u00f3noma.<\/p>\n\n\n\n<p>Mientras en los principales pueblos afectados, como Paiporta, Chiva, Benetusser y Massanassa, entre otros, siguen con las tareas de limpieza de las calles y viviendas y en algunos casos siguen con las labores de b\u00fasqueda de los desaparecidos, en la capital de la regi\u00f3n, en Valencia, donde apenas se registraron da\u00f1os, miles de personas recorrieron el centro de la ciudad, que transcurri\u00f3 desde la plaza del Ayuntamiento hasta la plaza Manises, que est\u00e1 justo frente al palacio de la Generalitat, sede del gobierno auton\u00f3mico.<\/p>\n\n\n\n<p>(Informaci\u00f3n de \u201cLa Jornada\u201d)<\/p>\n","protected":false},"excerpt":{"rendered":"<p>Redacci\u00f3n\/Zona Roja Cdmx. Ciudad de M\u00e9xico, a 19 de noviembre de 2024.-&nbsp;Con gritos de \u201casesino\u201d,&hellip;<\/p>\n","protected":false},"author":2,"featured_media":74341,"comment_status":"closed","ping_status":"open","sticky":false,"template":"","format":"standard","meta":{"_lmt_disableupdate":"","_lmt_disable":"","_jetpack_memberships_contains_paid_content":false,"footnotes":""},"categories":[109,47],"tags":[4101],"class_list":["post-74344","post","type-post","status-publish","format-standard","has-post-thumbnail","hentry","category-minuto-a-minuto","category-zona-gris","tag-lluvias-espana-valencia"],"jetpack_featured_media_url":"https:\/\/zonaroja.com.mx\/wp-content\/uploads\/2024\/11\/Marcha-Valenca-DANA.jpeg","jetpack_sharing_enabled":true,"_links":{"self":[{"href":"https:\/\/zonaroja.com.mx\/index.php?rest_route=\/wp\/v2\/posts\/74344","targetHints":{"allow":["GET"]}}],"collection":[{"href":"https:\/\/zonaroja.com.mx\/index.php?rest_route=\/wp\/v2\/posts"}],"about":[{"href":"https:\/\/zonaroja.com.mx\/index.php?rest_route=\/wp\/v2\/types\/post"}],"author":[{"embeddable":true,"href":"https:\/\/zonaroja.com.mx\/index.php?rest_route=\/wp\/v2\/users\/2"}],"replies":[{"embeddable":true,"href":"https:\/\/zonaroja.com.mx\/index.php?rest_route=%2Fwp%2Fv2%2Fcomments&post=74344"}],"version-history":[{"count":1,"href":"https:\/\/zonaroja.com.mx\/index.php?rest_route=\/wp\/v2\/posts\/74344\/revisions"}],"predecessor-version":[{"id":74345,"href":"https:\/\/zonaroja.com.mx\/index.php?rest_route=\/wp\/v2\/posts\/74344\/revisions\/74345"}],"wp:featuredmedia":[{"embeddable":true,"href":"https:\/\/zonaroja.com.mx\/index.php?rest_route=\/wp\/v2\/media\/74341"}],"wp:attachment":[{"href":"https:\/\/zonaroja.com.mx\/index.php?rest_route=%2Fwp%2Fv2%2Fmedia&parent=74344"}],"wp:term":[{"taxonomy":"category","embeddable":true,"href":"https:\/\/zonaroja.com.mx\/index.php?rest_route=%2Fwp%2Fv2%2Fcategories&post=74344"},{"taxonomy":"post_tag","embeddable":true,"href":"https:\/\/zonaroja.com.mx\/index.php?rest_route=%2Fwp%2Fv2%2Ftags&post=74344"}],"curies":[{"name":"wp","href":"https:\/\/api.w.org\/{rel}","templated":true}]}}